{"id":1087,"date":"2018-02-10T20:33:35","date_gmt":"2018-02-10T20:33:35","guid":{"rendered":"http:\/\/fedelnelkul.hu\/2018\/02\/10\/irina-a-negyedik-zandagord\/"},"modified":"2018-02-10T20:33:35","modified_gmt":"2018-02-10T20:33:35","slug":"irina-a-negyedik-zandagord","status":"publish","type":"post","link":"https:\/\/fedelnelkul.hu\/en\/2018\/02\/10\/irina-a-negyedik-zandagord\/","title":{"rendered":"Irina &#8211; a negyedik zandagord"},"content":{"rendered":"<p>\nIgor Nemezin elgondolkozva n\u00e9zi a vil\u00e1g\u00edt\u00f3 strat\u00e9giai t\u00e9rk\u00e9pet. Igen, gondolja, val\u00f3ban nem r\u00f3zs\u00e1s a F\u00f6ld helyzete. Az amerikai Sky flotta egyre nagyobb vesztes\u00e9geket szenved, \u00e9s a k\u00ednai Kyu sem \u00e1ll f\u00e9nyesebben. Egyed\u00fcl csak a Balsoj, a nagy orosz f\u00f6der\u00e1ci\u00f3 \u0171rserege s\u00e9rtetlen m\u00e9g. Mert \u0151k m\u00e9g nem sz\u00e1lltak harcba. Nemezint pont ez aggasztja. M\u00e9g nincs megegyez\u00e9s az amerikaikkal \u00e9s a k\u00ednaiakkal sem. A politikusok nem jutottak d\u00f6nt\u00e9sre. Azon tanakodnak, ki legyen az egyes\u00edtett flott\u00e1k f\u0151parancsnoka.<br \/>\n&#8211; \u00d6k\u00f6rs\u00e9g &#8211; mormogja maga el\u00e9, \u00e9s ell\u00e9p a t\u00e9rk\u00e9p el\u0151l.<br \/>\nNegyvenh\u00e1rom \u00e9ves. H\u00fasz \u00e9ve haj\u00f3parancsnok, \u00f6t \u00e9ve vezeti a Balsoj flott\u00e1t. Harcolt. Nem is keveset. Azok ellen, akikkel most \u00f6ssze kellene fognia. M\u00e9g a szolg\u00e1lata elej\u00e9n, a m\u0171hold v\u00e1ls\u00e1g idej\u00e9n. Amikor a k\u00ednaiak lel\u0151ttek egy amerikai \u00e1tj\u00e1tsz\u00f3 m\u0171holdat arra hivatkozva, hogy az olyan m\u0171sorokat tov\u00e1bb\u00edt a F\u00f6ldre, amivel az imperialist\u00e1k az \u0151 rendszer\u00fcket pr\u00f3b\u00e1lj\u00e1k al\u00e1\u00e1sni. Az Egyes\u00edtett F\u00f6ld Sz\u00f6vets\u00e9g nagygy\u0171l\u00e9s\u00e9n vita vit\u00e1t k\u00f6vetett. Egyre jobban elm\u00e9rgesedett a helyzet. Egyre t\u00f6bb tagorsz\u00e1g l\u0151tt fel flott\u00e1kat. Az angol korona, a francia-spanyol sz\u00f6vets\u00e9g. \u00c9s sok m\u00e1s hatalom is. A nehezen \u00f6sszehozott k\u00f6z\u00f6s f\u00f6ldi korm\u00e1ny feloszlott, \u00e9s kezdet\u00e9t vette az els\u0151 \u0171rh\u00e1bor\u00fa.<br \/>\n&#8211; Micsoda k\u00e9pmutat\u00e1s! &#8211; mosolyodik el keserny\u00e9sen.<br \/>\n&#8211; Sz\u00f3 sem volt a m\u0171holdr\u00f3l. Csak indok kellett. A F\u00f6ld t\u00faln\u00e9pesedett, nyersanyagk\u00e9szlete nem tudta eltartani. Kellettek a k\u00f6zeli bolyg\u00f3k b\u00e1ny\u00e1i. \u00c9s azoknak a birtokl\u00e1si joga. Mert aki azokat uralta, az ir\u00e1ny\u00edthatta a f\u00f6ldi gazdas\u00e1got \u00e9s t\u0151zsd\u00e9t. \u00c9s az az igazi hatalom. Nem a flott\u00e1k, azok csak eszk\u00f6z\u00f6k.<br \/>\n&#8211; T\u00e1bornok elvt\u00e1rs! &#8211; Nemezin felriad gondolataib\u00f3l. Vasza Kirinkov \u00e1ll el\u0151tte, a helyettese. Egy \u00fajgener\u00e1ci\u00f3s flottatiszt. Igor ut\u00e1lja a fajt\u00e1jukat. T\u00f6rtet\u0151ek, t\u00fal modern gondolkod\u00e1s\u00faak. Csak a karrier sz\u00e1m\u00edt nekik, az eszm\u00e9k sz\u00e1mukra csak ide\u00e1k.<br \/>\n&#8211; T\u00e1bornok elvt\u00e1rs! \u00dczenet \u00e9rkezett a Kremlb\u0151l. K\u00e9rem vegye \u00e1t!<br \/>\n&#8211; Nos, Kirinkov, akkor l\u00e1ssuk! Tegye ki a monitorra!<br \/>\n&#8211; Nem tehetem, t\u00e1bornok elvt\u00e1rs. Csak az \u00f6n hozz\u00e1f\u00e9r\u00e9si k\u00f3dj\u00e1val lehet megnyitni a f\u00e1jlt. \u00c9s csak \u00f6n hallhatja az \u00fczenetet.<br \/>\nNemezin tark\u00f3j\u00e1n kezdenek fel\u00e1llni a pih\u00e9k. Rosszat sejt. Valami nincs itt rendben. Egy\u00e9bk\u00e9nt is ellenszenvvel viseltetik a politikusokkal szemben. Mindent csak t\u00falbonyol\u00edtanak. Mint ezt a mostani helyzetet is. Pedig most egyszer\u0171 a helyzet. Meg kell v\u00e9deni a F\u00f6ldet. \u00c9s csak ha a h\u00e1rom m\u00e9g megl\u00e9v\u0151 flotta \u00f6sszefog, lehet es\u00e9ly. A betolakod\u00f3k, a &#8222;kicsi lil\u00e1k&#8221; nagyon er\u0151sek.<br \/>\n&#8211; Kicsi lil\u00e1k. H\u00fclye elnevez\u00e9s. &#8211; Egy riportban hangzott el el\u0151sz\u00f6r, m\u00e9g az inv\u00e1zi\u00f3 elej\u00e9n. Mert az idegenek akkor m\u00e9g csak kis flott\u00e1kkal j\u00f6ttek. A f\u00f6ldi er\u0151k k\u00f6nnyed\u00e9n leszedt\u00e9k \u0151ket. \u00c9s az idegen haj\u00f3k robban\u00e1sai a F\u00f6ldr\u0151l n\u00e9zve kicsi lila pamacsoknak t\u0171ntek. Az emberek \u00fcnnepeltek, \u00e9s az utc\u00e1kon, tereken \u00e1llva n\u00e9zt\u00e9k a t\u0171zij\u00e1t\u00e9kot.<br \/>\n&#8211; Na ezek m\u00e1r kor\u00e1ntsem kicsik &#8211; gondolja \u00e9s cs\u00f3v\u00e1lja a fej\u00e9t. H\u00e1rom nap alatt legy\u0151zt\u00e9k a f\u00f6ldi hader\u0151k nagy r\u00e9sz\u00e9t. M\u00e9g a koreai flotta is \u00fagy t\u0171nt el a semmiben, mint h\u00f3pihe a gyertya l\u00e1ngj\u00e1ban. Pedig a negyedik leger\u0151sebb hader\u0151 volt. Csak h\u00e1t a vezet\u00e9s.<br \/>\n&#8211; K\u00e9rem, hagyjon magamra &#8211; fordul a helyettes\u00e9hez.<br \/>\nN\u00e9zi, ahogy Kirinkov elt\u0171nik az ajt\u00f3 m\u00f6g\u00f6tt. A kommunik\u00e1ci\u00f3s konzolhoz l\u00e9p, \u00e9s be\u00fcti a k\u00f3dj\u00e1t. A monitor kivil\u00e1gosodik, megjelenik rajta a F\u00f6der\u00e1ci\u00f3 c\u00edmere, majd a jelsz\u00f3: &#8222;Az emberis\u00e9g jav\u00e1\u00e9rt harcolunk!&#8221;<br \/>\n&#8211; Erre nagy sz\u00fcks\u00e9g lenne most &#8211; gondolja. Csak h\u00e1t a fr\u00e1zisokkal tele van a padl\u00e1s. Tettek kellen\u00e9nek ink\u00e1bb.<br \/>\nA monitoron megjelenik a f\u0151titk\u00e1r. \u00dcnnepl\u0151ben van, b\u00e1r ez semmit nem jelent. \u0150 mindig kifog\u00e1stalanul n\u00e9z ki. A v\u00e1laszt\u00f3k bizalma miatt ez elengedhetetlen.<br \/>\n&#8211; T\u00e1bornok, amit mondok, az a legszigor\u00fabb parancs, ellene fellebbez\u00e9snek helye nincs! &#8211; kezdi mondanival\u00f3j\u00e1t a f\u0151titk\u00e1r. Nemezin egyre idegesebben f\u00e9szkel\u0151dik. M\u00e1r megszokta, hogy mindennek nagy feneket ker\u00edtenek a politikusok, de ez m\u00e1r kicsit sok. Mit kell ezen ennyit titkol\u00f3zni. Nekimegy\u00fcnk a lil\u00e1knak \u00e9s ennyi. A h\u00e1rom flott\u00e1nak m\u00e9g \u0151k sem tudnak ellen\u00e1llni.<br \/>\n&#8211; Teh\u00e1t t\u00e1bornok, a Balsojt azonnal mozg\u00f3s\u00edtsa, halad\u00e9ktalanul l\u00e9ptesse els\u0151 harci fokozatba!<br \/>\nNemezin elmosolyodik.<br \/>\n&#8211; H\u00fclye aktakukac &#8211; gondolja. A Balsoj m\u00e1r j\u00f3 ideje teljes harck\u00e9sz\u00fclts\u00e9gben van. Ellens\u00e9ges t\u00e1mad\u00e1sn\u00e1l, h\u00e1bor\u00fa k\u00f6zepette ez el\u0151\u00edr\u00e1s.<br \/>\n&#8211; Na mindegy, hadd fontoskodjon.<br \/>\nA f\u0151titk\u00e1r k\u00f6vetkez\u0151 mondata alig \u00e9r el a tudat\u00e1ig. Nem \u00e9rti. Vagyis \u00e9rti, de nem hiszi el, hogy j\u00f3l hall.<br \/>\n&#8211; Hogy mondja f\u0151titk\u00e1r elvt\u00e1rs? Kit t\u00e1madjak?<br \/>\nNem hiszi el. Valamit nem j\u00f3l hall.<br \/>\n&#8211; T\u00e1bornok, azt hiszem vil\u00e1gos voltam. T\u00e1madja meg a Sky-t.<br \/>\n&#8211; De f\u0151titk\u00e1r elvt\u00e1rs! Mi lesz a F\u00f6lddel \u00e9s a lakosa&#8230;<br \/>\n&#8211; Mi mindent v\u00e9gig gondoltunk! &#8211; v\u00e1g a szav\u00e1ba a f\u0151titk\u00e1r &#8211; A k\u00ednai Kyu hamarosan menek\u00fcl\u0151re fogja!<br \/>\n&#8211; F\u0151titk\u00e1r \u00far! De akkor mi lesz a&#8230;<br \/>\n&#8211; Maga katona! &#8211; ord\u00edtja a f\u0151titk\u00e1r mag\u00e1b\u00f3l kikelve &#8211; Teljes\u00edtse a parancsot, a gondolkoz\u00e1st b\u00edzza r\u00e1nk! Mi mindent kisz\u00e1moltunk. Ez az egyetlen lehet\u0151s\u00e9g\u00fcnk.<br \/>\n&#8211; Lehet\u0151s\u00e9g? Mire?<br \/>\n&#8211; A v\u00e9gs\u0151 gy\u0151zelemre, maga \u00f3lomkatona! Mi mindent sz\u00e1mba vett\u00fcnk&#8230; Teljes\u00edtse a parancsot!<br \/>\nNemezin kiss\u00e9 sz\u00e9d\u00fcl. Katonai p\u00e1lyafut\u00e1sa alatt m\u00e9g nem fordult el\u0151 vele, hogy egy parancsot ak\u00e1r csak \u00e9rtelmezni is mer\u00e9szeljen, nem hogy azt k\u00e9ts\u00e9gbe vonni.<br \/>\n&#8211; \u00c9s m\u00e9g valami, Nemezin! K\u00fcldj\u00f6n \u00e9rt\u00fcnk egy-k\u00e9t sz\u00e1ll\u00edt\u00f3haj\u00f3t k\u00eds\u00e9rettel! A korm\u00e1ny ideiglenesen elhagyja a F\u00f6ldet&#8230; Sok sikert a hadm\u0171velethez.<br \/>\nA monitor els\u00f6t\u00e9t\u00fcl. Nemezin csak \u00e1ll n\u00e9m\u00e1n, zavarodottan. Ebben a pillanatban bel\u00e9p Kirinkov.<br \/>\n&#8211; T\u00e1bornok elvt\u00e1rs, v\u00e1rom a parancsait!<br \/>\nNemezin \u00e1ll. H\u00e1ttal a helyettes\u00e9nek, kin\u00e9zve az ablakon. A F\u00f6ldet n\u00e9zi. \u00c9s a bolyg\u00f3 egyre k\u00f6zelebb j\u00f6n hozz\u00e1. Vagy az \u0151 szeme egyre \u00e9lesebb. M\u00e1r l\u00e1tja is a Don foly\u00f3t. \u00c9s a v\u00edzparti d\u00e1cs\u00e1t, ahol Irin\u00e1val szoktak megpihenni, ha a flotta \u00e9ppen nem tart r\u00e1 ig\u00e9nyt.<br \/>\n&#8211; Irina &#8211; suttog maga el\u00e9.<br \/>\n&#8211; T\u00e1bornok elvt\u00e1rs, mi a parancs?<br \/>\nA t\u00e1bornok felocs\u00fadik. Kih\u00fazza a derek\u00e1t. Ism\u00e9t kad\u00e9tnak \u00e9rzi mag\u00e1t. Ism\u00e9t tele van tetter\u0151vel.<br \/>\n&#8211; T\u00e1madunk! C\u00e9l a lila flotta!<br \/>\nB\u00fcszke. J\u00f3l \u00e9s helyesen d\u00f6nt\u00f6tt. A F\u00f6ld az els\u0151. Azt kell v\u00e9deni minden\u00e1ron, a F\u00f6ld Any\u00e1csk\u00e1t.<br \/>\nArc\u00e1ra lassan \u00fcl ki a d\u00f6bbenet. Helyettese fenyeget\u0151 arc\u00e1t n\u00e9zi. Onnan tekintete lesiklik annak a kez\u00e9re. \u00c9s az abban tartott oldalfegyverre.<br \/>\n&#8211; A f\u0151titk\u00e1r elvt\u00e1rs sz\u00e1molt ezzel a lehet\u0151s\u00e9ggel. &#8211; mosolyog Kirinkov &#8211; \u00c9pp ez\u00e9rt nekem is k\u00fcld\u00f6tt egy utas\u00edt\u00e1st. T\u00e1bornok, letart\u00f3ztatom!<br \/>\nNemezin \u00e9rzi, elszorul a torka, mellkasa majd sz\u00e9t robban. Nem kap leveg\u0151t. Minden lil\u00e1v\u00e1 v\u00e1lik, mint az ellens\u00e9ges flott\u00e1k f\u00fcstpamacsai&#8230;<\/p>\n<p>Lassan \u00e9bred. Nem \u00e9rti, hol van. Feln\u00e9z, el\u0151bb hom\u00e1lyosan l\u00e1t, azt\u00e1n \u00e9lesedik a k\u00e9p. M\u00e1r azt is tudja, mi ez a hely. A k\u00f3rh\u00e1z r\u00e9szleg. Jobbra n\u00e9z. Egyenruh\u00e1t l\u00e1t. Kirinkov.<br \/>\n&#8211; \u00c1, l\u00e1tom mag\u00e1hoz t\u00e9rt t\u00e1bornok. Ne mozogjon. Sz\u00edvinfarktusa volt.<br \/>\n&#8211; Mi t\u00f6rt\u00e9nt?<br \/>\n&#8211; Mondtam, rosszul lett.<br \/>\n&#8211; \u00c9s a harc&#8230; ott mi t\u00f6rt\u00e9nt?<br \/>\n&#8211; Ja, legy\u0151zt\u00fck a Sky-t. A Kyu is megsemmis\u00fclt. Azt a lila flotta szedte le. Teh\u00e1t gy\u0151zt\u00fcnk. Csak a mi flott\u00e1nk maradt meg. B\u00e1r voltak vesztes\u00e9geink is, de eleny\u00e9sz\u0151ek.<br \/>\n&#8211; \u00c9s az idegen flott\u00e1k?<br \/>\n&#8211; Elmentek.<br \/>\n&#8211; Elmentek? Mi\u00e9rt?<br \/>\n&#8211; Mert m\u00e1r nem volt mi\u00e9rt maradniuk. A F\u00f6ldet siker\u00fclt elpuszt\u00edtaniuk. M\u00e1r nem jelent\u00fcnk sz\u00e1mukra vesz\u00e9lyt.<br \/>\nNemezin \u00e9rzi, hogy ism\u00e9t a rosszull\u00e9t ker\u00fclgeti.<br \/>\n&#8211; Te nyomorult! Ott volt a csal\u00e1dom! A bar\u00e1taim!<br \/>\n\u00c9rzi, ism\u00e9t leveg\u0151\u00e9rt k\u00fcszk\u00f6dik.<br \/>\n&#8211; Minden ott volt, amit szerettem.<br \/>\nTudja, itt a v\u00e9g. M\u00e1r nem l\u00e1t tiszt\u00e1n. \u00c9rzi, ez az utols\u00f3 perce.<br \/>\n&#8211; A te csal\u00e1dod is ott volt!<br \/>\nF\u00e9l\u00faton a t\u00falvil\u00e1g fel\u00e9 \u00e9ri utol Kirinkov hangja:<br \/>\n&#8211; T\u00e1bornok, \u00e1ldozat n\u00e9lk\u00fcl nincs gy\u0151zelem!<\/p>\n<p>Az s1 szerver \u00e1ldozatainak eml\u00e9k\u00e9re.<br \/>\n\u00a0\u00a0 \u00a0http:\/\/zandagort.blog.hu\/2010\/02\/08\/irina<\/p>\n<div class='watch-action'><div class='watch-position align-left'><div class='action-like'><a class='lbg-style1 like-1087 jlk' href='javascript:void(0)' data-task='like' data-post_id='1087' data-nonce='a4559c5496' rel='nofollow'><img class='wti-pixel' src='https:\/\/fedelnelkul.hu\/wp-content\/plugins\/wti-like-post\/images\/pixel.gif' title='Like' \/><span class='lc-1087 lc'>0<\/span><\/a><\/div><\/div> <div class='status-1087 status align-left'><\/div><\/div><div class='wti-clear'><\/div>","protected":false},"excerpt":{"rendered":"<p>Igor Nemezin elgondolkozva n\u00e9zi a vil\u00e1g\u00edt\u00f3 strat\u00e9giai t\u00e9rk\u00e9pet. Igen, gondolja, val\u00f3ban nem r\u00f3zs\u00e1s a F\u00f6ld helyzete. Az amerikai Sky flotta egyre nagyobb vesztes\u00e9geket szenved, \u00e9s a k\u00ednai Kyu sem \u00e1ll f\u00e9nyesebben. Egyed\u00fcl csak a Balsoj, a nagy orosz f\u00f6der\u00e1ci\u00f3 \u0171rserege s\u00e9rtetlen m\u00e9g. Mert \u0151k m\u00e9g nem sz\u00e1lltak harcba. Nemezint pont ez aggasztja. M\u00e9g nincs megegyez\u00e9s &hellip; <a href=\"https:\/\/fedelnelkul.hu\/en\/2018\/02\/10\/irina-a-negyedik-zandagord\/\" class=\"more-link\">Continue reading <span class=\"screen-reader-text\">Irina &#8211; a negyedik zandagord<\/span><\/a><\/p>\n","protected":false},"author":467,"featured_media":0,"comment_status":"closed","ping_status":"open","sticky":false,"template":"","format":"standard","meta":{"footnotes":""},"categories":[78,9],"tags":[],"class_list":["post-1087","post","type-post","status-publish","format-standard","hentry","category-78","category-szepproza"],"_links":{"self":[{"href":"https:\/\/fedelnelkul.hu\/en\/wp-json\/wp\/v2\/posts\/1087","targetHints":{"allow":["GET"]}}],"collection":[{"href":"https:\/\/fedelnelkul.hu\/en\/wp-json\/wp\/v2\/posts"}],"about":[{"href":"https:\/\/fedelnelkul.hu\/en\/wp-json\/wp\/v2\/types\/post"}],"author":[{"embeddable":true,"href":"https:\/\/fedelnelkul.hu\/en\/wp-json\/wp\/v2\/users\/467"}],"replies":[{"embeddable":true,"href":"https:\/\/fedelnelkul.hu\/en\/wp-json\/wp\/v2\/comments?post=1087"}],"version-history":[{"count":0,"href":"https:\/\/fedelnelkul.hu\/en\/wp-json\/wp\/v2\/posts\/1087\/revisions"}],"wp:attachment":[{"href":"https:\/\/fedelnelkul.hu\/en\/wp-json\/wp\/v2\/media?parent=1087"}],"wp:term":[{"taxonomy":"category","embeddable":true,"href":"https:\/\/fedelnelkul.hu\/en\/wp-json\/wp\/v2\/categories?post=1087"},{"taxonomy":"post_tag","embeddable":true,"href":"https:\/\/fedelnelkul.hu\/en\/wp-json\/wp\/v2\/tags?post=1087"}],"curies":[{"name":"wp","href":"https:\/\/api.w.org\/{rel}","templated":true}]}}