{"id":10680,"date":"2021-06-03T15:40:04","date_gmt":"2021-06-03T13:40:04","guid":{"rendered":"https:\/\/fedelnelkul.hu\/?p=10680"},"modified":"2021-06-25T08:38:24","modified_gmt":"2021-06-25T06:38:24","slug":"keresd-az-istent-gyereket-talalsz","status":"publish","type":"post","link":"https:\/\/fedelnelkul.hu\/en\/2021\/06\/03\/keresd-az-istent-gyereket-talalsz\/","title":{"rendered":"Keresd az Istent, gyereket tal\u00e1lsz"},"content":{"rendered":"<p>Ma boldogg\u00e1 tettek a gyerekek. A m\u00e1sok gyermekei. Igen, a \u201em \u00e1 s o k\u201d gyermekei, ahogy azt sokan gy\u0171l\u00f6lk\u00f6dve mondj\u00e1k. A m\u00e1sok gyerekei az \u00e9n gyermekeim is.<\/p>\n<p>Sz\u00ednh\u00e1zban voltam \u2013 egy f\u0151pr\u00f3b\u00e1n. Huszonhat csod\u00e1latos gyermek adott el\u0151 egy sz\u00edndarabot. Huszonhat olyan gyermek, akik tal\u00e1n elvesztek volna, de most m\u00e1r nem fognak. Megvannak, itt vannak bennem.<br \/>Meg\u00e9rkezem a sz\u00ednh\u00e1zba. Na, j\u00f3, nem is sz\u00ednh\u00e1zba, hanem a ferencv\u00e1rosi kult\u00farh\u00e1z sz\u00ednh\u00e1zterm\u00e9be. \u00c9ppen v\u00e9ge volt az els\u0151 pr\u00f3b\u00e1nak. Gyermekek l\u00e9zengtek a sz\u00ednpadon. Megl\u00e1ttam a f\u00e9nyk\u00e9pr\u0151l oly ismer\u0151s pofit. Barb\u00f3! Felsz\u00f3ltam a sz\u00ednpadra. \u201eBarb\u00f3, Barbika!\u201d Ahogy v\u00e1rtam \u2013 semmi, teh\u00e1t r\u00f6gt\u00f6n felismert. H\u00e1tam m\u00f6g\u00fcl valaki a seg\u00edts\u00e9gemre sietett.<\/p>\n<p>\u201eBarbiiiiiiiiiiiiii\u201d, \u00fcv\u00f6lt\u00f6tte le a fejemr\u0151l a hajat a seg\u00edts\u00e9g. A kisl\u00e1ny megismerte a kiab\u00e1l\u00f3t, nan\u00e1, \u0151 volt a seg\u00e9drendez\u0151. Els\u00e9t\u00e1lt mellettem, odament hozz\u00e1. Az ember engem m\u00e9regetett, majd r\u00e1m mutatott. \u201eHozz\u00e1d j\u00f6ttek, Barbi.\u201d A kisl\u00e1ny k\u00edv\u00e1ncsian n\u00e9zett r\u00e1m hatalmas bog\u00e1rszem\u00e9vel. Bemutatkoztam. Fogalma sem volt, ki vagyok.<\/p>\n<p>\u2013 Nem Tom, ki tetszik lenni.<\/p>\n<p>\u2013 Az vagyok.<\/p>\n<p>Elvigyorodott.<\/p>\n<p>\u2013 Sokkal sov\u00e1nyabbnak gondoltam tetszik tudni t\u00e9ged.<\/p>\n<p>Na, ezt j\u00f3l megmondta. Ezek a gyerekek m\u00e1r csak 3 D-ben tudnak gondolkodni. Annyi \u00e9n is vagyok.<\/p>\n<p>Kaptam t\u0151le egy puszit. Megk\u00f6ttetett a bar\u00e1ts\u00e1g. Csacsogott-ragyogott a kisl\u00e1ny. Ezer \u00e9lm\u00e9ny\u00e9vel z\u00fad\u00edtott nyakon egy pillanat alatt. L\u00e1tszott, hogy \u00e9lvezi, hogy boldog. A v\u00e9g\u00e9n egy titkot is el\u00e1rult.<\/p>\n<p>\u2013 Este bulit tartunk \u2013 suttogta a f\u00fclembe. \u2013 Veszek csokis kekszet, \u00e9s megessz\u00fck, de ne \u00e1ruld el any\u00e1\u00e9knak.<\/p>\n<p>De aranyos! M\u00e1s helyen, gazdag\u00e9kn\u00e1l ilyenkor k\u00e9t gramm f\u00fcvet vesznek. <br \/>M\u00e1r ott rajzott k\u00f6r\u00f6ttem a t\u00f6bbi gyerek is. Egym\u00e1s szav\u00e1ba v\u00e1gva mes\u00e9ltek. J\u00f6tt a rendez\u0151 is \u2013 Vas Zolt\u00e1n Iv\u00e1n \u2013, mosolyogva. Kezet ny\u00fajtottunk egym\u00e1snak.<\/p>\n<p>Besz\u00e9lgett\u00fcnk, mint k\u00e9t r\u00e9gi j\u00f3 ismeretlen. Most azt kellene \u00edrnom, hogy csillog\u00f3 szemmel, \u00e9s ragyog\u00f3 arccal magyar\u00e1zott az \u0151 kis sz\u00ednh\u00e1z\u00e1r\u00f3l. De ez t\u00fal giccses lenne, ez\u00e9rt csak az igazat \u00edrom, hogy csillog\u00f3 szemmel, ragyog\u00f3 arccal magyar\u00e1zott az \u0151 kis sz\u00ednh\u00e1z\u00e1r\u00f3l.<\/p>\n<p>Eln\u00e9ztem, milyen szeretettel \u00e9s szak\u00e9rtelemmel vez\u00e9nyelte ezeket a pedag\u00f3gusok \u00e1ltal, \u00fagymond, kezelhetetlen gyerekeket. Nem volt kiab\u00e1l\u00e1s, cs\u00fanya besz\u00e9d, \u00e9s m\u00e9gis lest\u00e9k minden szav\u00e1t. Mindig mindenhol a p\u00e9nzr\u0151l besz\u00e9lnek, de \u0151 meg sem eml\u00edtette. Csak a terveit, mert tervei vannak ezekkel a gyerekekkel. M\u00e1sok csak besz\u00e9lnek, \u0151 teszi a dolg\u00e1t a nagy nyomor\u00fas\u00e1gban is. \u00c9s ki tudja, mi\u00e9rt. Az \u0151 kis sz\u00ednh\u00e1z\u00e1nak annyi az \u00e9ves k\u00f6lts\u00e9gvet\u00e9se, amennyibe egy celeb wellnessb\u00e9rlete ker\u00fcl. Itt tartunk.<br \/>Na meg ott, hogy v\u00e9ge fel\u00e9 j\u00e1rt az el\u0151ad\u00e1s. A fin\u00e1l\u00e9ra bej\u00f6tt minden szerepl\u0151. Valami frenetikusan j\u00f3kedv\u0171 dalol\u00e1s \u00e9s t\u00e1nc volt a befejez\u00e9s.<br \/>Mindenki j\u00f3l \u00e9rezte mag\u00e1t.<\/p>\n<p>Ezek a gyerekek tehets\u00e9gesek. Bel\u0151l\u00fck lesznek m\u00e9g valakik. Nem olvashatjuk majd r\u00f3luk, hogy r\u00e9szegen, begrogozva emberekkel tek\u00e9znek az aut\u00f3p\u00e1ly\u00e1n. Nem lesz n\u00e1luk sz\u00e9riatartoz\u00e9k a p\u00e1rjuk meger\u0151szakol\u00e1sa \u00e9s h\u00fcly\u00e9re ver\u00e9se.<\/p>\n<p>\u0150k tiszt\u00e1k, bel\u00e9j\u00fck fektess\u00fck a p\u00e9nzt!<\/p>\n<p>Gondolataimba mer\u00fclve ballagtam kifel\u00e9. Egyszer csak egy csapat gyerek rajzott k\u00f6r\u00e9m.<\/p>\n<p>\u2013 Ugye elj\u00f6ssz holnap is, Tomi b\u00e1? Csin\u00e1lunk neked helyet az els\u0151 sorban \u2013 n\u00e9ztek r\u00e1m k\u00e9r\u0151n.<\/p>\n<p>\u2013 Elj\u00f6v\u00f6k, gyerekek, itt leszek.<\/p>\n\n\n<p><\/p>\n<div class='watch-action'><div class='watch-position align-left'><div class='action-like'><a class='lbg-style1 like-10680 jlk' href='javascript:void(0)' data-task='like' data-post_id='10680' data-nonce='63bf5167ec' rel='nofollow'><img class='wti-pixel' src='https:\/\/fedelnelkul.hu\/wp-content\/plugins\/wti-like-post\/images\/pixel.gif' title='Like' \/><span class='lc-10680 lc'>0<\/span><\/a><\/div><\/div> <div class='status-10680 status align-left'><\/div><\/div><div class='wti-clear'><\/div>","protected":false},"excerpt":{"rendered":"<p>Ma boldogg\u00e1 tettek a gyerekek. A m\u00e1sok gyermekei. Igen, a \u201em \u00e1 s o k\u201d gyermekei, ahogy azt sokan gy\u0171l\u00f6lk\u00f6dve mondj\u00e1k. A m\u00e1sok gyerekei az \u00e9n gyermekeim is. Sz\u00ednh\u00e1zban voltam \u2013 egy f\u0151pr\u00f3b\u00e1n. Huszonhat csod\u00e1latos gyermek adott el\u0151 egy sz\u00edndarabot. Huszonhat olyan gyermek, akik tal\u00e1n elvesztek volna, de most m\u00e1r nem fognak. Megvannak, itt vannak &hellip; <a href=\"https:\/\/fedelnelkul.hu\/en\/2021\/06\/03\/keresd-az-istent-gyereket-talalsz\/\" class=\"more-link\">Continue reading <span class=\"screen-reader-text\">Keresd az Istent, gyereket tal\u00e1lsz<\/span><\/a><\/p>\n","protected":false},"author":481,"featured_media":0,"comment_status":"closed","ping_status":"open","sticky":false,"template":"","format":"standard","meta":{"footnotes":""},"categories":[491,9],"tags":[],"class_list":["post-10680","post","type-post","status-publish","format-standard","hentry","category-491","category-szepproza"],"_links":{"self":[{"href":"https:\/\/fedelnelkul.hu\/en\/wp-json\/wp\/v2\/posts\/10680","targetHints":{"allow":["GET"]}}],"collection":[{"href":"https:\/\/fedelnelkul.hu\/en\/wp-json\/wp\/v2\/posts"}],"about":[{"href":"https:\/\/fedelnelkul.hu\/en\/wp-json\/wp\/v2\/types\/post"}],"author":[{"embeddable":true,"href":"https:\/\/fedelnelkul.hu\/en\/wp-json\/wp\/v2\/users\/481"}],"replies":[{"embeddable":true,"href":"https:\/\/fedelnelkul.hu\/en\/wp-json\/wp\/v2\/comments?post=10680"}],"version-history":[{"count":1,"href":"https:\/\/fedelnelkul.hu\/en\/wp-json\/wp\/v2\/posts\/10680\/revisions"}],"predecessor-version":[{"id":10681,"href":"https:\/\/fedelnelkul.hu\/en\/wp-json\/wp\/v2\/posts\/10680\/revisions\/10681"}],"wp:attachment":[{"href":"https:\/\/fedelnelkul.hu\/en\/wp-json\/wp\/v2\/media?parent=10680"}],"wp:term":[{"taxonomy":"category","embeddable":true,"href":"https:\/\/fedelnelkul.hu\/en\/wp-json\/wp\/v2\/categories?post=10680"},{"taxonomy":"post_tag","embeddable":true,"href":"https:\/\/fedelnelkul.hu\/en\/wp-json\/wp\/v2\/tags?post=10680"}],"curies":[{"name":"wp","href":"https:\/\/api.w.org\/{rel}","templated":true}]}}