{"id":1044,"date":"2018-02-10T20:33:34","date_gmt":"2018-02-10T20:33:34","guid":{"rendered":"http:\/\/fedelnelkul.hu\/2018\/02\/10\/a-foldon-hagyott\/"},"modified":"2018-02-10T20:33:34","modified_gmt":"2018-02-10T20:33:34","slug":"a-foldon-hagyott","status":"publish","type":"post","link":"https:\/\/fedelnelkul.hu\/en\/2018\/02\/10\/a-foldon-hagyott\/","title":{"rendered":"A f\u00f6ld\u00f6n hagyott"},"content":{"rendered":"<p>\nAz, a k\u00f3cos boh\u00f3 magam, <br \/>\na loboncos huszon\u00e9ves,<br \/>\nf\u00f6ld\u00f6n hagyott negyven \u00e9vet&#8230;<\/p>\n<p>besz\u00e9d\u00fclve eml\u00e9kt\u00e1rba,<br \/>\nr\u00f6vidszokny\u00e1s eml\u00e9k v\u00e1rta,<br \/>\ns mint ahogy a pille rebben,<br \/>\nhuss&#8230;! kisz\u00e1lltak k\u00e9z a k\u00e9zben,<br \/>\nfelh\u0151k k\u00f6z\u00f6tt vih\u00e1ncolva<br \/>\nkikacsintottak \u00c1morra:<br \/>\n&#8211; v\u00e9r\u00fcket a v\u00e1gy zengeti &#8211;<br \/>\nn\u00e1szukkal r\u00e1 \u00e1gyat sz\u0151ve<br \/>\nr\u00e1fek\u00fcdtek novemberi<br \/>\np\u00e1raterhes h\u00f3felh\u0151re.<br \/>\nS t\u00f6rt marsallbottal kez\u00e9ben,<br \/>\nlent a szorgos negyven \u00e9v ment&#8230;<\/p>\n<p>versenyre kelve a Nappal<br \/>\nm\u00e9rt vigyorog sima arccal&#8230;?<br \/>\naz, a k\u00f3cos boh\u00f3 magam.<\/p>\n<div class='watch-action'><div class='watch-position align-left'><div class='action-like'><a class='lbg-style1 like-1044 jlk' href='javascript:void(0)' data-task='like' data-post_id='1044' data-nonce='0fc93b1003' rel='nofollow'><img class='wti-pixel' src='https:\/\/fedelnelkul.hu\/wp-content\/plugins\/wti-like-post\/images\/pixel.gif' title='Like' \/><span class='lc-1044 lc'>0<\/span><\/a><\/div><\/div> <div class='status-1044 status align-left'><\/div><\/div><div class='wti-clear'><\/div>","protected":false},"excerpt":{"rendered":"<p>Az, a k\u00f3cos boh\u00f3 magam, a loboncos huszon\u00e9ves, f\u00f6ld\u00f6n hagyott negyven \u00e9vet&#8230; besz\u00e9d\u00fclve eml\u00e9kt\u00e1rba, r\u00f6vidszokny\u00e1s eml\u00e9k v\u00e1rta, s mint ahogy a pille rebben, huss&#8230;! kisz\u00e1lltak k\u00e9z a k\u00e9zben, felh\u0151k k\u00f6z\u00f6tt vih\u00e1ncolva kikacsintottak \u00c1morra: &#8211; v\u00e9r\u00fcket a v\u00e1gy zengeti &#8211; n\u00e1szukkal r\u00e1 \u00e1gyat sz\u0151ve r\u00e1fek\u00fcdtek novemberi p\u00e1raterhes h\u00f3felh\u0151re. S t\u00f6rt marsallbottal kez\u00e9ben, lent a szorgos negyven &hellip; <a href=\"https:\/\/fedelnelkul.hu\/en\/2018\/02\/10\/a-foldon-hagyott\/\" class=\"more-link\">Continue reading <span class=\"screen-reader-text\">A f\u00f6ld\u00f6n hagyott<\/span><\/a><\/p>\n","protected":false},"author":225,"featured_media":0,"comment_status":"closed","ping_status":"open","sticky":false,"template":"","format":"standard","meta":{"footnotes":""},"categories":[74,10],"tags":[],"class_list":["post-1044","post","type-post","status-publish","format-standard","hentry","category-74","category-vers"],"_links":{"self":[{"href":"https:\/\/fedelnelkul.hu\/en\/wp-json\/wp\/v2\/posts\/1044","targetHints":{"allow":["GET"]}}],"collection":[{"href":"https:\/\/fedelnelkul.hu\/en\/wp-json\/wp\/v2\/posts"}],"about":[{"href":"https:\/\/fedelnelkul.hu\/en\/wp-json\/wp\/v2\/types\/post"}],"author":[{"embeddable":true,"href":"https:\/\/fedelnelkul.hu\/en\/wp-json\/wp\/v2\/users\/225"}],"replies":[{"embeddable":true,"href":"https:\/\/fedelnelkul.hu\/en\/wp-json\/wp\/v2\/comments?post=1044"}],"version-history":[{"count":0,"href":"https:\/\/fedelnelkul.hu\/en\/wp-json\/wp\/v2\/posts\/1044\/revisions"}],"wp:attachment":[{"href":"https:\/\/fedelnelkul.hu\/en\/wp-json\/wp\/v2\/media?parent=1044"}],"wp:term":[{"taxonomy":"category","embeddable":true,"href":"https:\/\/fedelnelkul.hu\/en\/wp-json\/wp\/v2\/categories?post=1044"},{"taxonomy":"post_tag","embeddable":true,"href":"https:\/\/fedelnelkul.hu\/en\/wp-json\/wp\/v2\/tags?post=1044"}],"curies":[{"name":"wp","href":"https:\/\/api.w.org\/{rel}","templated":true}]}}