{"id":10436,"date":"2021-04-08T09:44:52","date_gmt":"2021-04-08T07:44:52","guid":{"rendered":"https:\/\/fedelnelkul.hu\/?p=10436"},"modified":"2021-04-08T09:44:55","modified_gmt":"2021-04-08T07:44:55","slug":"egy-szocmunkas-naploja-27-resz","status":"publish","type":"post","link":"https:\/\/fedelnelkul.hu\/en\/2021\/04\/08\/egy-szocmunkas-naploja-27-resz\/","title":{"rendered":"Egy szocmunk\u00e1s napl\u00f3ja 27. r\u00e9sz"},"content":{"rendered":"<p style=\"text-align: left;\">Egy \u00e9ve m\u00e1r, s\u0151t egy kicsivel t\u00f6bb is, hogy teljes\u00fclt egy \u00e1lom, rovatom lett itt. J\u00f3l kifund\u00e1ltam akkor, hogy majd napl\u00f3szer\u0171en besz\u00e1molok minden jelent\u0151s esem\u00e9nyr\u0151l, persze legink\u00e1bb a szoci\u00e1lis munk\u00e1s oldalamra helyezve a f\u00f3kuszt.<\/p>\n<p style=\"text-align: left;\">Azt\u00e1n egy k\u00e9nyszer \u00e9s vil\u00e1gj\u00e1rv\u00e1ny-sz\u00fclte kispolg\u00e1ri l\u00e9tben tal\u00e1ltam magam, amin bel\u00fcl persze t\u00f6rt\u00e9nik egy s m\u00e1s, de valahogy eltakarja a kezembe k\u00f6vesedett l\u00e1zm\u00e9r\u0151 a l\u00e9nyeget, vagyis most ink\u00e1bb ez a l\u00e9nyeg, Maslow-i alapok korona-ritmusban, fiziol\u00f3giai sz\u00fcks\u00e9gletek m\u00e1sf\u00e9l m\u00e9teres t\u00e1vols\u00e1gb\u00f3l, biztons\u00e1g \u00e9s v\u00e9detts\u00e9g sz\u00fcks\u00e9glete covid keretben.<\/p>\n<p style=\"text-align: left;\">Az als\u00f3 k\u00e9t alap pipa, n\u00e9ha k\u00e9nyszeredett vigyorral k\u00e9rdezem magamt\u00f3l, vajon menne-e m\u00e9g m\u00e1shogy, amolyan norm\u00e1lisan, fokr\u00f3l-fokra, maszk n\u00e9lk\u00fcl, nem \u00f6sszerezzenve egy 37.5-t\u0151l? Tal\u00e1n lesz m\u00f3dom megv\u00e1laszolni ezt magamnak. \u00c9s persze k\u00f6zben ment az \u00e9let valahogy, olyan dolgokat is bep\u00f6rgetve, amik m\u00e9g egy viszonylag \u00e9letk\u00f6zelibb id\u0151szakban is meglepn\u00e9nek, mondjuk az \u00d6rk\u00e9ny Sz\u00ednh\u00e1zas, vil\u00e1gomat renget\u0151 kaland \u00e9pp ilyen, de err\u0151l majd m\u00e1skor, m\u00e1shogy \u00edrok. Meg h\u00e1t persze mi lehet \u00e9letk\u00f6zelibb ann\u00e1l, amikor a puszta l\u00e9t\u00e9rt harcolunk, ugye. Tudom, h\u00e1bor\u00faban is sz\u00fclettek gyerekek, sz\u00f6v\u0151dtek szerelmek, j\u00f3l ki van ez tal\u00e1lva, mindig gy\u0151znie kell az\u00e9rt az \u00e9letnek, meggy\u0151znie legink\u00e1bb, hogy nem \u00e1ll meg. \u00c9s mindek\u00f6zben anya is vagyok, ami a legfontosabb, a mindent leural\u00f3 priorit\u00e1s, k\u00e9ts\u00e9g nem f\u00e9r hozz\u00e1. Az \u00e9let ilyet\u00e9n m\u00f3don olyannyira nem \u00e1llt meg, hogy egy fejjel f\u00f6l\u00e9m magasodik a maga 180 centis teljess\u00e9g\u00e9ben. A k\u00f6z\u00e9piskola els\u0151 \u00e9v\u00e9be \u00e9pphogy belek\u00f3stolni tud\u00f3 fiam \u00e9pp ma 15 \u00e9ves lett.<\/p>\n<p style=\"text-align: left;\">Amikor \u00e9n voltam ennyi, nem volt vil\u00e1gj\u00e1rv\u00e1ny, ennek ellen\u00e9re \u00edgy ut\u00f3lag, feln\u0151tt fejjel beles\u00e1padok n\u00e9ha, hogy miket \u00e9ltem t\u00fal. Na err\u0151l sem besz\u00e9ln\u00e9k, pl\u00e1ne, hogy a fiam az egyik olvas\u00f3m. Vannak dolgok, amik j\u00f3 helyen vannak ott, a m\u00falt hom\u00e1ly\u00e1ban.<\/p>\n<p style=\"text-align: left;\">Arra eml\u00e9kszem viszont, amikor az anyuk\u00e1m v\u00e9gs\u0151 k\u00e9ts\u00e9gbees\u00e9s\u00e9ben azt k\u00edv\u00e1nta nekem, hogy legyen olyan gyerekem majd, mint \u00e9n vagyok, tudjam csak meg, mi a magyarok Istene. Azt\u00e1n nagyobb c\u00f3resz t\u00f6rt\u00e9nt, a gyerek pont olyan lett mint \u0151, ennek az \u00e9rt\u00e9kel\u00e9se bennem viszonylag v\u00e1ltoz\u00f3, de h\u00e1t \u00edgy van az ember azokkal, akiket a vil\u00e1gon a legjobban szeret. Viccelek, csak persze nem l\u00e1tj\u00e1k az arcomat k\u00f6zben, im\u00e1dnival\u00f3 mindkett\u0151, olyanok vagyunk \u00edgy, mint valami sorminta, a k\u00e9t hasonl\u00f3t megt\u00f6ri a m\u00e1sf\u00e9le, de \u00edgy lesz teljes \u00e9rt\u00e9k\u0171 a sorminta, sehogy m\u00e1shogy, er\u0151s\u00edtj\u00fck egym\u00e1s ragyog\u00e1s\u00e1t, mi \u00edgy, egy\u00fctt.<\/p>\n<p style=\"text-align: left;\">A bakancslist\u00e1m teh\u00e1t \u00e1t\u00edr\u00f3dott 15 \u00e9ve m\u00e1r m\u00e1s a fontos, mint nem anyak\u00e9nt \u00e9s a j\u00e1rv\u00e1ny \u00faj, addig term\u00e9szetesnek gondolt pontokat is bele\u00edrt. De nagyon szeretn\u00e9k majd (majd!majd! Andor, majd!)a nagymam\u00e1ja lenni a sorminta k\u00f6vetkez\u0151 tagj\u00e1nak. Akkor is, ha lehet, hogy olyan lesz, mint \u00e9n. Kedves, \u00f6reg szomsz\u00e9dasszony is szeretn\u00e9k lenni, aki alm\u00e1spit\u00e9vel kedveskedik a fiatal szomsz\u00e9doknak \u00e9s k\u00f6zben k\u00e9peket mutogat az unok\u00e1kr\u00f3l. Legink\u00e1bb azt szeretn\u00e9m azonban, hogy 20-30 \u00e9v m\u00falva hi\u00e1nytalanul itt legy\u00fcnk \u00e9s megbesz\u00e9lj\u00fck, hogy m\u00e9g mik szeretn\u00e9nk lenni. Azt\u00e1n le\u00edrom, \u00d6n\u00f6k meg elolvass\u00e1k, j\u00f3? Mert annyi mindenek nem voltunk m\u00e9g.<\/p>\n<p style=\"text-align: left;\">Isten \u00e9ltessen mindenkit nagyon sok\u00e1ig, boldogs\u00e1gban, eg\u00e9szs\u00e9gben. T\u00e9ged, kisfiam, ma k\u00fcl\u00f6n\u00f6sen. Minden nap megk\u00f6sz\u00f6nlek a J\u00f3istennek.<\/p>\n<p style=\"text-align: right;\"><span style=\"color: #ff0000;\">Nuszer Mirjam Johanna<\/span><\/p>\n\n\n<p><\/p>\n<div class='watch-action'><div class='watch-position align-left'><div class='action-like'><a class='lbg-style1 like-10436 jlk' href='javascript:void(0)' data-task='like' data-post_id='10436' data-nonce='a4559c5496' rel='nofollow'><img class='wti-pixel' src='https:\/\/fedelnelkul.hu\/wp-content\/plugins\/wti-like-post\/images\/pixel.gif' title='Like' \/><span class='lc-10436 lc'>0<\/span><\/a><\/div><\/div> <div class='status-10436 status align-left'><\/div><\/div><div class='wti-clear'><\/div>","protected":false},"excerpt":{"rendered":"<p>Egy \u00e9ve m\u00e1r, s\u0151t egy kicsivel t\u00f6bb is, hogy teljes\u00fclt egy \u00e1lom, rovatom lett itt. J\u00f3l kifund\u00e1ltam akkor, hogy majd napl\u00f3szer\u0171en besz\u00e1molok minden jelent\u0151s esem\u00e9nyr\u0151l, persze legink\u00e1bb a szoci\u00e1lis munk\u00e1s oldalamra helyezve a f\u00f3kuszt. Azt\u00e1n egy k\u00e9nyszer \u00e9s vil\u00e1gj\u00e1rv\u00e1ny-sz\u00fclte kispolg\u00e1ri l\u00e9tben tal\u00e1ltam magam, amin bel\u00fcl persze t\u00f6rt\u00e9nik egy s m\u00e1s, de valahogy eltakarja a kezembe &hellip; <a href=\"https:\/\/fedelnelkul.hu\/en\/2021\/04\/08\/egy-szocmunkas-naploja-27-resz\/\" class=\"more-link\">Continue reading <span class=\"screen-reader-text\">Egy szocmunk\u00e1s napl\u00f3ja 27. r\u00e9sz<\/span><\/a><\/p>\n","protected":false},"author":9130,"featured_media":0,"comment_status":"closed","ping_status":"open","sticky":false,"template":"","format":"standard","meta":{"footnotes":""},"categories":[486,453,454],"tags":[],"class_list":["post-10436","post","type-post","status-publish","format-standard","hentry","category-486","category-blog","category-mirjam"],"_links":{"self":[{"href":"https:\/\/fedelnelkul.hu\/en\/wp-json\/wp\/v2\/posts\/10436","targetHints":{"allow":["GET"]}}],"collection":[{"href":"https:\/\/fedelnelkul.hu\/en\/wp-json\/wp\/v2\/posts"}],"about":[{"href":"https:\/\/fedelnelkul.hu\/en\/wp-json\/wp\/v2\/types\/post"}],"author":[{"embeddable":true,"href":"https:\/\/fedelnelkul.hu\/en\/wp-json\/wp\/v2\/users\/9130"}],"replies":[{"embeddable":true,"href":"https:\/\/fedelnelkul.hu\/en\/wp-json\/wp\/v2\/comments?post=10436"}],"version-history":[{"count":1,"href":"https:\/\/fedelnelkul.hu\/en\/wp-json\/wp\/v2\/posts\/10436\/revisions"}],"predecessor-version":[{"id":10438,"href":"https:\/\/fedelnelkul.hu\/en\/wp-json\/wp\/v2\/posts\/10436\/revisions\/10438"}],"wp:attachment":[{"href":"https:\/\/fedelnelkul.hu\/en\/wp-json\/wp\/v2\/media?parent=10436"}],"wp:term":[{"taxonomy":"category","embeddable":true,"href":"https:\/\/fedelnelkul.hu\/en\/wp-json\/wp\/v2\/categories?post=10436"},{"taxonomy":"post_tag","embeddable":true,"href":"https:\/\/fedelnelkul.hu\/en\/wp-json\/wp\/v2\/tags?post=10436"}],"curies":[{"name":"wp","href":"https:\/\/api.w.org\/{rel}","templated":true}]}}