{"id":10202,"date":"2021-03-25T16:07:00","date_gmt":"2021-03-25T15:07:00","guid":{"rendered":"https:\/\/fedelnelkul.hu\/?p=10202"},"modified":"2021-03-04T16:08:01","modified_gmt":"2021-03-04T15:08:01","slug":"uzenet-a-mahoz","status":"publish","type":"post","link":"https:\/\/fedelnelkul.hu\/en\/2021\/03\/25\/uzenet-a-mahoz\/","title":{"rendered":"\u00dczenet a m\u00e1hoz"},"content":{"rendered":"<p style=\"padding-left: 120px;\">D\u00e9dany\u00e1k \u00e9s d\u00e9dap\u00e1k!<br \/>\nT\u0171z\u00f6z\u00f6nben salakk\u00e1 \u00e9gett a vil\u00e1g.<br \/>\nA f\u00fcst\u00f6lg\u0151 romokb\u00f3l<br \/>\n\u00fajj\u00e1\u00e9p\u00edtett\u00e9tek a palot\u00e1t.<br \/>\nA t\u00f6rtsz\u00e1rny\u00fa hidak<br \/>\nPestr\u0151l \u00fajra Bud\u00e1ra vezettek,<br \/>\nsiratt\u00e1tok, aki meghalt, testv\u00e9r \u00e9s gyermek.<\/p>\n<p style=\"padding-left: 120px;\">\u2026\u00e9s fel\u00e9p\u00fclt a roncsolt vil\u00e1g,<br \/>\nkezetekt\u0151l felt\u00e1madtak a csod\u00e1k\u2026<\/p>\n<p style=\"padding-left: 120px;\">Tett\u00e9tek dolgotok, mit kaptatok, mit v\u00e1rtatok.<\/p>\n<p style=\"padding-left: 120px;\">Nagyany\u00e1k \u00e9s nagyap\u00e1k!<br \/>\nL\u00e1tt\u00e1tok, hogy f\u00e9ltek az ap\u00e1k,<br \/>\ns\u00edrtak az any\u00e1k.<br \/>\nFelzend\u00fclt az Egmont nyit\u00e1ny.<br \/>\nMajd csend lett.<br \/>\nA szoros k\u00f6t\u00e9l mozdulni engedett,<br \/>\nf\u00e9ny sziv\u00e1rgott \u00e1t a vasfalon,<br \/>\nmegbukott egy rendszer \u00e9s egy hatalom.<br \/>\nVan m\u00e9g id\u0151nk az \u00faj vil\u00e1gra,<br \/>\n\u00e9s bomlani kezdett a kert vir\u00e1ga.<\/p>\n<p style=\"padding-left: 120px;\">\u2026v\u00e1ltoztatok, \u00e1lmodoztatok,<br \/>\nbiztattak \u00e9s b\u00edztatok\u2026<\/p>\n<p style=\"padding-left: 120px;\">Tett\u00e9tek dolgotok, mit v\u00e1rtatok, mit kaptatok.<\/p>\n<p style=\"padding-left: 120px;\">Any\u00e1k, ap\u00e1k!<br \/>\n\u00c1m\u00edtott egy szabad vil\u00e1g.<br \/>\nNektek csak mes\u00e9ben voltak<br \/>\ntankok, g\u00e9ppisztolyok.<br \/>\nB\u00e9keharc, f\u00e1kly\u00e1smenet,<br \/>\nvez\u00e9rcikk, ami megmondta, mit szeress.<br \/>\nTi ingyen kapt\u00e1tok a r\u00e9gen v\u00e1gyott rendet,<br \/>\nkit\u00e1rta a vil\u00e1g kapuj\u00e1t,<br \/>\na szabads\u00e1g illata belengte a kisszob\u00e1t.<br \/>\n\u00d6r\u00f6k\u00fcl maradt az \u00e9vsz\u00e1zados harag,<br \/>\naty\u00e1itok f\u00e1jdalma, s \u00e1ls\u00e1gos hatalmak<br \/>\nv\u00e1jni kezdt\u00e9k a falakat.<\/p>\n<p style=\"padding-left: 120px;\">\u2026ti azt hitt\u00e9tek ilyen a rend,<br \/>\nvad vit\u00e1k, torz eszm\u00e9k, gy\u0171l\u00f6let, kapzsis\u00e1g \u00e9s sunyi csend\u2026.<\/p>\n<p style=\"padding-left: 120px;\">Tett\u00e9tek dolgotok, v\u00e1rtatok, semmit se kaptatok.<\/p>\n<p style=\"padding-left: 120px;\">Gyerekek!<br \/>\nApr\u00f3k, v\u00e9dtelenek,<br \/>\neszm\u00e9l\u0151 kamaszok,<br \/>\nfiatalok, lelk\u00fckben szabadok.<\/p>\n<p style=\"padding-left: 120px;\">Tegy\u00e9tek dolgotok! Akarjatok, hogy kapjatok.<\/p>\n<div class='watch-action'><div class='watch-position align-left'><div class='action-like'><a class='lbg-style1 like-10202 jlk' href='javascript:void(0)' data-task='like' data-post_id='10202' data-nonce='a4559c5496' rel='nofollow'><img class='wti-pixel' src='https:\/\/fedelnelkul.hu\/wp-content\/plugins\/wti-like-post\/images\/pixel.gif' title='Like' \/><span class='lc-10202 lc'>0<\/span><\/a><\/div><\/div> <div class='status-10202 status align-left'><\/div><\/div><div class='wti-clear'><\/div>","protected":false},"excerpt":{"rendered":"<p>D\u00e9dany\u00e1k \u00e9s d\u00e9dap\u00e1k! T\u0171z\u00f6z\u00f6nben salakk\u00e1 \u00e9gett a vil\u00e1g. A f\u00fcst\u00f6lg\u0151 romokb\u00f3l \u00fajj\u00e1\u00e9p\u00edtett\u00e9tek a palot\u00e1t. A t\u00f6rtsz\u00e1rny\u00fa hidak Pestr\u0151l \u00fajra Bud\u00e1ra vezettek, siratt\u00e1tok, aki meghalt, testv\u00e9r \u00e9s gyermek. \u2026\u00e9s fel\u00e9p\u00fclt a roncsolt vil\u00e1g, kezetekt\u0151l felt\u00e1madtak a csod\u00e1k\u2026 Tett\u00e9tek dolgotok, mit kaptatok, mit v\u00e1rtatok. Nagyany\u00e1k \u00e9s nagyap\u00e1k! L\u00e1tt\u00e1tok, hogy f\u00e9ltek az ap\u00e1k, s\u00edrtak az any\u00e1k. Felzend\u00fclt az &hellip; <a href=\"https:\/\/fedelnelkul.hu\/en\/2021\/03\/25\/uzenet-a-mahoz\/\" class=\"more-link\">Continue reading <span class=\"screen-reader-text\">\u00dczenet a m\u00e1hoz<\/span><\/a><\/p>\n","protected":false},"author":9168,"featured_media":0,"comment_status":"closed","ping_status":"open","sticky":false,"template":"","format":"standard","meta":{"footnotes":""},"categories":[484,10],"tags":[],"class_list":["post-10202","post","type-post","status-publish","format-standard","hentry","category-484","category-vers"],"_links":{"self":[{"href":"https:\/\/fedelnelkul.hu\/en\/wp-json\/wp\/v2\/posts\/10202","targetHints":{"allow":["GET"]}}],"collection":[{"href":"https:\/\/fedelnelkul.hu\/en\/wp-json\/wp\/v2\/posts"}],"about":[{"href":"https:\/\/fedelnelkul.hu\/en\/wp-json\/wp\/v2\/types\/post"}],"author":[{"embeddable":true,"href":"https:\/\/fedelnelkul.hu\/en\/wp-json\/wp\/v2\/users\/9168"}],"replies":[{"embeddable":true,"href":"https:\/\/fedelnelkul.hu\/en\/wp-json\/wp\/v2\/comments?post=10202"}],"version-history":[{"count":1,"href":"https:\/\/fedelnelkul.hu\/en\/wp-json\/wp\/v2\/posts\/10202\/revisions"}],"predecessor-version":[{"id":10203,"href":"https:\/\/fedelnelkul.hu\/en\/wp-json\/wp\/v2\/posts\/10202\/revisions\/10203"}],"wp:attachment":[{"href":"https:\/\/fedelnelkul.hu\/en\/wp-json\/wp\/v2\/media?parent=10202"}],"wp:term":[{"taxonomy":"category","embeddable":true,"href":"https:\/\/fedelnelkul.hu\/en\/wp-json\/wp\/v2\/categories?post=10202"},{"taxonomy":"post_tag","embeddable":true,"href":"https:\/\/fedelnelkul.hu\/en\/wp-json\/wp\/v2\/tags?post=10202"}],"curies":[{"name":"wp","href":"https:\/\/api.w.org\/{rel}","templated":true}]}}