{"id":1014,"date":"2018-02-10T20:33:33","date_gmt":"2018-02-10T20:33:33","guid":{"rendered":"http:\/\/fedelnelkul.hu\/2018\/02\/10\/a-foszerkeszto-valaszol\/"},"modified":"2018-02-10T20:33:33","modified_gmt":"2018-02-10T20:33:33","slug":"a-foszerkeszto-valaszol","status":"publish","type":"post","link":"https:\/\/fedelnelkul.hu\/en\/2018\/02\/10\/a-foszerkeszto-valaszol\/","title":{"rendered":"A f\u0151szerkeszt\u0151 v\u00e1laszol"},"content":{"rendered":"<p>\nHogy meg\u00e9rtsem \u00f6nt, err\u0151l m\u00e1r letettem,<br \/>\nhiszen nem meg\u00e9rteni \u00f6nt, nem neh\u00e9z;<br \/>\nk\u00f6zrem\u0171k\u00f6dni \u00f6nnel lehetetlen,<br \/>\nmindkett\u0151nknek jobb, ha ezzel szemben\u00e9z.<\/p>\n<p>Nem j\u00f6v\u00f6k ki az &#8222;ilyen&#8221; term\u00e9szettel,<br \/>\nhisz k\u00f6z\u00f6s gondolat nem sok van benn\u00fcnk;<br \/>\n\u00e9s b\u00e1r verse annyi van mint a tenger,<br \/>\negyet is hiba lenne k\u00f6zz\u00e9tenn\u00fcnk.<\/p>\n<p>Hiszen egyikben sincs se l\u00e9lek, se test,<br \/>\negyet sem tudok fejb\u0151l felmondani;<br \/>\nnem mondott nekem m\u00e9g semmi l\u00e9nyegest,<br \/>\nmint Verlaine, Heine, Catullus, vagy Ady.<\/p>\n<p>Nem tal\u00e1lom a sz\u00e9ps\u00e9get, &#8211; a zen\u00e9t,<br \/>\nmintha hi\u00e1nyozna \u00f6nb\u0151l a jellem;<br \/>\nsz\u00f3sz\u00e1ty\u00e1rk\u00e9nt nem \u00e9rzem az erej\u00e9t,<br \/>\nlehetetlen hogy m\u00e9rgemet lenyeljem.<\/p>\n<p>Nem olvasom, nem is jav\u00edtom \u0151ket,<br \/>\nmit b\u00e1nom hogy bennem l\u00e1tja a &#8222;d\u00f6g\u00f6t&#8221;;<br \/>\nnincs ami \u00f6sszek\u00f6thetne kett\u0151nket,<br \/>\nkeressen m\u00e1s hobbit, \u00e9g \u00e9s f\u00f6ld k\u00f6z\u00f6tt.<\/p>\n<p>B\u00edztat\u00f3 szavakat ne is v\u00e1rjon t\u0151lem,<br \/>\nrecsegnek r\u00edmei mint egy hanglemez;<br \/>\n\u00e9s szavai elsz\u00e1llnak az id\u0151ben,<br \/>\nuntalan sir\u00e1nkozni: a rang nem ez.<\/p>\n<p>Egy sora sem lesz klasszikus id\u00e9zet,<br \/>\nnem j\u00f3 \u00f6n, csak egy megkent sz\u00e9lkakasnak;<br \/>\negy k\u00f6p\u00e9se sem volt mi megid\u00e9zett,<br \/>\narcomon szarkal\u00e1bat, &#8211; r\u00e1ncot hagynak.<\/p>\n<p>Sz\u00e1z rossz vers\u00e9re sz\u00fcletik sz\u00e1z m\u00e1sik,<br \/>\nne legyen bolond: legjobb ha r\u00e1m hallgat;<br \/>\nn\u00e9gy sor ut\u00e1n aki olvassa: \u00e1s\u00edt,<br \/>\nv\u00e1rva verse v\u00e9g\u00e9t, mint egy jutalmat.<\/p>\n<div class='watch-action'><div class='watch-position align-left'><div class='action-like'><a class='lbg-style1 like-1014 jlk' href='javascript:void(0)' data-task='like' data-post_id='1014' data-nonce='f48ebca404' rel='nofollow'><img class='wti-pixel' src='https:\/\/fedelnelkul.hu\/wp-content\/plugins\/wti-like-post\/images\/pixel.gif' title='Like' \/><span class='lc-1014 lc'>0<\/span><\/a><\/div><\/div> <div class='status-1014 status align-left'><\/div><\/div><div class='wti-clear'><\/div>","protected":false},"excerpt":{"rendered":"<p>Hogy meg\u00e9rtsem \u00f6nt, err\u0151l m\u00e1r letettem, hiszen nem meg\u00e9rteni \u00f6nt, nem neh\u00e9z; k\u00f6zrem\u0171k\u00f6dni \u00f6nnel lehetetlen, mindkett\u0151nknek jobb, ha ezzel szemben\u00e9z. Nem j\u00f6v\u00f6k ki az &#8222;ilyen&#8221; term\u00e9szettel, hisz k\u00f6z\u00f6s gondolat nem sok van benn\u00fcnk; \u00e9s b\u00e1r verse annyi van mint a tenger, egyet is hiba lenne k\u00f6zz\u00e9tenn\u00fcnk. Hiszen egyikben sincs se l\u00e9lek, se test, egyet sem &hellip; <a href=\"https:\/\/fedelnelkul.hu\/en\/2018\/02\/10\/a-foszerkeszto-valaszol\/\" class=\"more-link\">Continue reading <span class=\"screen-reader-text\">A f\u0151szerkeszt\u0151 v\u00e1laszol<\/span><\/a><\/p>\n","protected":false},"author":295,"featured_media":0,"comment_status":"closed","ping_status":"open","sticky":false,"template":"","format":"standard","meta":{"footnotes":""},"categories":[72,10],"tags":[],"class_list":["post-1014","post","type-post","status-publish","format-standard","hentry","category-72","category-vers"],"_links":{"self":[{"href":"https:\/\/fedelnelkul.hu\/en\/wp-json\/wp\/v2\/posts\/1014","targetHints":{"allow":["GET"]}}],"collection":[{"href":"https:\/\/fedelnelkul.hu\/en\/wp-json\/wp\/v2\/posts"}],"about":[{"href":"https:\/\/fedelnelkul.hu\/en\/wp-json\/wp\/v2\/types\/post"}],"author":[{"embeddable":true,"href":"https:\/\/fedelnelkul.hu\/en\/wp-json\/wp\/v2\/users\/295"}],"replies":[{"embeddable":true,"href":"https:\/\/fedelnelkul.hu\/en\/wp-json\/wp\/v2\/comments?post=1014"}],"version-history":[{"count":0,"href":"https:\/\/fedelnelkul.hu\/en\/wp-json\/wp\/v2\/posts\/1014\/revisions"}],"wp:attachment":[{"href":"https:\/\/fedelnelkul.hu\/en\/wp-json\/wp\/v2\/media?parent=1014"}],"wp:term":[{"taxonomy":"category","embeddable":true,"href":"https:\/\/fedelnelkul.hu\/en\/wp-json\/wp\/v2\/categories?post=1014"},{"taxonomy":"post_tag","embeddable":true,"href":"https:\/\/fedelnelkul.hu\/en\/wp-json\/wp\/v2\/tags?post=1014"}],"curies":[{"name":"wp","href":"https:\/\/api.w.org\/{rel}","templated":true}]}}