{"id":10130,"date":"2021-03-11T07:13:18","date_gmt":"2021-03-11T06:13:18","guid":{"rendered":"https:\/\/fedelnelkul.hu\/?p=10130"},"modified":"2021-02-23T07:13:47","modified_gmt":"2021-02-23T06:13:47","slug":"roki-a-nepek-opiuma","status":"publish","type":"post","link":"https:\/\/fedelnelkul.hu\/en\/2021\/03\/11\/roki-a-nepek-opiuma\/","title":{"rendered":"Juss"},"content":{"rendered":"<p style=\"padding-left: 120px;\">azt hiszem m\u00e1r eg\u00e9sz pici<br \/>\nkoromban hallottam r\u00f3la<br \/>\nanyu\u00e9k mes\u00e9lt\u00e9k hogy az egyik<br \/>\npap\u00e1mnak is volt<br \/>\nt\u00e1voli dolognak t\u0171nt<br \/>\n\u00e9s arra gondoltam hogyha<br \/>\nj\u00f3 leszek tal\u00e1n nem is k\u00e9r bel\u0151l\u00fcnk<br \/>\nazt\u00e1n apumama is tal\u00e1lkozott vele<br \/>\nakkor m\u00e1r nagy voltam<br \/>\n\u00e9s kicsit f\u00e9ltem is<br \/>\nonnant\u00f3l mindig ott volt<br \/>\nmint egy h\u00e1tt\u00e9rzene<br \/>\nhi\u00e1ba az ember mindent \u00f6sszehisz<br \/>\nde a nagyn\u00e9nit is megtal\u00e1lta<br \/>\nmeg a nagyb\u00e1csit<br \/>\nmeg a feles\u00e9geket<br \/>\nazt\u00e1n apu j\u00f6tt \u0151 volt h\u00e1tra<br \/>\nm\u00e1r ismer\u0151s volt a jelenet<br \/>\nmikor anyut beh\u00e1l\u00f3zta<br \/>\ngyors volt \u00e9s nemigen viccelt<br \/>\n\u00e9s \u00fagy vette el t\u0151l\u00fcnk hogy<br \/>\nel\u0151tte bedobta nekem a ziccert<br \/>\nb\u00e1r nem volt t\u00fal eleg\u00e1ns<br \/>\naz\u00f3ta itt van mint<br \/>\nkalkul\u00e1ci\u00f3s t\u00e9nyez\u0151<br \/>\n\u00e9s hidegebb mint b\u00e1rmi m\u00e1s<br \/>\nde perzsel\u0151en \u00e9rz\u00e9kelhet\u0151<\/p>\n<div class='watch-action'><div class='watch-position align-left'><div class='action-like'><a class='lbg-style1 like-10130 jlk' href='javascript:void(0)' data-task='like' data-post_id='10130' data-nonce='a4559c5496' rel='nofollow'><img class='wti-pixel' src='https:\/\/fedelnelkul.hu\/wp-content\/plugins\/wti-like-post\/images\/pixel.gif' title='Like' \/><span class='lc-10130 lc'>0<\/span><\/a><\/div><\/div> <div class='status-10130 status align-left'><\/div><\/div><div class='wti-clear'><\/div>","protected":false},"excerpt":{"rendered":"<p>azt hiszem m\u00e1r eg\u00e9sz pici koromban hallottam r\u00f3la anyu\u00e9k mes\u00e9lt\u00e9k hogy az egyik pap\u00e1mnak is volt t\u00e1voli dolognak t\u0171nt \u00e9s arra gondoltam hogyha j\u00f3 leszek tal\u00e1n nem is k\u00e9r bel\u0151l\u00fcnk azt\u00e1n apumama is tal\u00e1lkozott vele akkor m\u00e1r nagy voltam \u00e9s kicsit f\u00e9ltem is onnant\u00f3l mindig ott volt mint egy h\u00e1tt\u00e9rzene hi\u00e1ba az ember mindent \u00f6sszehisz &hellip; <a href=\"https:\/\/fedelnelkul.hu\/en\/2021\/03\/11\/roki-a-nepek-opiuma\/\" class=\"more-link\">Continue reading <span class=\"screen-reader-text\">Juss<\/span><\/a><\/p>\n","protected":false},"author":9162,"featured_media":0,"comment_status":"closed","ping_status":"open","sticky":false,"template":"","format":"standard","meta":{"footnotes":""},"categories":[483,10],"tags":[],"class_list":["post-10130","post","type-post","status-publish","format-standard","hentry","category-483","category-vers"],"_links":{"self":[{"href":"https:\/\/fedelnelkul.hu\/en\/wp-json\/wp\/v2\/posts\/10130","targetHints":{"allow":["GET"]}}],"collection":[{"href":"https:\/\/fedelnelkul.hu\/en\/wp-json\/wp\/v2\/posts"}],"about":[{"href":"https:\/\/fedelnelkul.hu\/en\/wp-json\/wp\/v2\/types\/post"}],"author":[{"embeddable":true,"href":"https:\/\/fedelnelkul.hu\/en\/wp-json\/wp\/v2\/users\/9162"}],"replies":[{"embeddable":true,"href":"https:\/\/fedelnelkul.hu\/en\/wp-json\/wp\/v2\/comments?post=10130"}],"version-history":[{"count":2,"href":"https:\/\/fedelnelkul.hu\/en\/wp-json\/wp\/v2\/posts\/10130\/revisions"}],"predecessor-version":[{"id":10132,"href":"https:\/\/fedelnelkul.hu\/en\/wp-json\/wp\/v2\/posts\/10130\/revisions\/10132"}],"wp:attachment":[{"href":"https:\/\/fedelnelkul.hu\/en\/wp-json\/wp\/v2\/media?parent=10130"}],"wp:term":[{"taxonomy":"category","embeddable":true,"href":"https:\/\/fedelnelkul.hu\/en\/wp-json\/wp\/v2\/categories?post=10130"},{"taxonomy":"post_tag","embeddable":true,"href":"https:\/\/fedelnelkul.hu\/en\/wp-json\/wp\/v2\/tags?post=10130"}],"curies":[{"name":"wp","href":"https:\/\/api.w.org\/{rel}","templated":true}]}}