{"id":1013,"date":"2018-02-10T20:33:33","date_gmt":"2018-02-10T20:33:33","guid":{"rendered":"http:\/\/fedelnelkul.hu\/2018\/02\/10\/teremtesi-epizod\/"},"modified":"2018-02-10T20:33:33","modified_gmt":"2018-02-10T20:33:33","slug":"teremtesi-epizod","status":"publish","type":"post","link":"https:\/\/fedelnelkul.hu\/en\/2018\/02\/10\/teremtesi-epizod\/","title":{"rendered":"Teremt\u00e9si epiz\u00f3d"},"content":{"rendered":"<p>\nMikor J\u00f3isten\u00fcnk; &#8211; \u00f6r\u00f6k h\u00e1la neki.<br \/>\nTeremt\u00e9s\u00e9t a f\u00f6ldre terjeszt\u00e9 ki,<br \/>\nembert is teremtett; &#8211; nem sokat, de t\u00f6bbet.<br \/>\nR\u00e9tet is teremtett; &#8211; t\u00e1gasat, sz\u00e9p z\u00f6ldet.<br \/>\nL\u00e1tta a teremt\u00e9s t\u00fals\u00e1gosan z\u00f6ld lett,<br \/>\nr\u00e1ad\u00e1st teremtett; &#8211; m\u00e9gpedig a m\u00f6ggyet.<br \/>\nLegyen az embernek mind\u00f6r\u00f6kre \u00e1ld\u00e1s,<br \/>\ncs\u0151ben s\u00fclt pulyk\u00e1hoz nagyon finom m\u00e1rt\u00e1s.<\/p>\n<p>Az ember erre \u00edgy rebegett h\u00e1l\u00e1t: &#8211;<br \/>\nUram! Megl\u00e1ttad teremtm\u00e9nyed \u00e1lm\u00e1t?<br \/>\nF\u00e1radoz\u00e1s k\u00f6zben m\u00e9g gondolt\u00e1l egyet,<br \/>\nfinom csemeg\u00e9nek adt\u00e1l nekem meggyet.<br \/>\nTudtam, zaklatni fogsz! Asztalom lesed!<br \/>\nHa nem adom, mann\u00e1\u00e9rt ny\u00fal kezed: &#8211;<br \/>\nM\u00e9g \u00edgy is mann\u00e1\u00e9rt rim\u00e1nkodna kegyed,<br \/>\ncsak f\u00e1ra mutatok. Ott van, \u00c1d\u00e1m! Szedjed!<\/p>\n<div class='watch-action'><div class='watch-position align-left'><div class='action-like'><a class='lbg-style1 like-1013 jlk' href='javascript:void(0)' data-task='like' data-post_id='1013' data-nonce='0fc93b1003' rel='nofollow'><img class='wti-pixel' src='https:\/\/fedelnelkul.hu\/wp-content\/plugins\/wti-like-post\/images\/pixel.gif' title='Like' \/><span class='lc-1013 lc'>0<\/span><\/a><\/div><\/div> <div class='status-1013 status align-left'><\/div><\/div><div class='wti-clear'><\/div>","protected":false},"excerpt":{"rendered":"<p>Mikor J\u00f3isten\u00fcnk; &#8211; \u00f6r\u00f6k h\u00e1la neki. Teremt\u00e9s\u00e9t a f\u00f6ldre terjeszt\u00e9 ki, embert is teremtett; &#8211; nem sokat, de t\u00f6bbet. R\u00e9tet is teremtett; &#8211; t\u00e1gasat, sz\u00e9p z\u00f6ldet. L\u00e1tta a teremt\u00e9s t\u00fals\u00e1gosan z\u00f6ld lett, r\u00e1ad\u00e1st teremtett; &#8211; m\u00e9gpedig a m\u00f6ggyet. Legyen az embernek mind\u00f6r\u00f6kre \u00e1ld\u00e1s, cs\u0151ben s\u00fclt pulyk\u00e1hoz nagyon finom m\u00e1rt\u00e1s. Az ember erre \u00edgy rebegett h\u00e1l\u00e1t: &hellip; <a href=\"https:\/\/fedelnelkul.hu\/en\/2018\/02\/10\/teremtesi-epizod\/\" class=\"more-link\">Continue reading <span class=\"screen-reader-text\">Teremt\u00e9si epiz\u00f3d<\/span><\/a><\/p>\n","protected":false},"author":225,"featured_media":0,"comment_status":"closed","ping_status":"open","sticky":false,"template":"","format":"standard","meta":{"footnotes":""},"categories":[72,10],"tags":[],"class_list":["post-1013","post","type-post","status-publish","format-standard","hentry","category-72","category-vers"],"_links":{"self":[{"href":"https:\/\/fedelnelkul.hu\/en\/wp-json\/wp\/v2\/posts\/1013","targetHints":{"allow":["GET"]}}],"collection":[{"href":"https:\/\/fedelnelkul.hu\/en\/wp-json\/wp\/v2\/posts"}],"about":[{"href":"https:\/\/fedelnelkul.hu\/en\/wp-json\/wp\/v2\/types\/post"}],"author":[{"embeddable":true,"href":"https:\/\/fedelnelkul.hu\/en\/wp-json\/wp\/v2\/users\/225"}],"replies":[{"embeddable":true,"href":"https:\/\/fedelnelkul.hu\/en\/wp-json\/wp\/v2\/comments?post=1013"}],"version-history":[{"count":0,"href":"https:\/\/fedelnelkul.hu\/en\/wp-json\/wp\/v2\/posts\/1013\/revisions"}],"wp:attachment":[{"href":"https:\/\/fedelnelkul.hu\/en\/wp-json\/wp\/v2\/media?parent=1013"}],"wp:term":[{"taxonomy":"category","embeddable":true,"href":"https:\/\/fedelnelkul.hu\/en\/wp-json\/wp\/v2\/categories?post=1013"},{"taxonomy":"post_tag","embeddable":true,"href":"https:\/\/fedelnelkul.hu\/en\/wp-json\/wp\/v2\/tags?post=1013"}],"curies":[{"name":"wp","href":"https:\/\/api.w.org\/{rel}","templated":true}]}}