{"id":10071,"date":"2021-02-25T19:22:39","date_gmt":"2021-02-25T18:22:39","guid":{"rendered":"https:\/\/fedelnelkul.hu\/?p=10071"},"modified":"2021-02-11T19:24:31","modified_gmt":"2021-02-11T18:24:31","slug":"automatikus-vazlat","status":"publish","type":"post","link":"https:\/\/fedelnelkul.hu\/en\/2021\/02\/25\/automatikus-vazlat\/","title":{"rendered":"Barta P\u00e1l eml\u00e9k\u00e9re"},"content":{"rendered":"<p style=\"padding-left: 80px;\">\u00c1rv\u00e1n maradtak az ecsetek, meleg kezeid\u00e9rt nagyot s\u00f3hajtanak.<br \/>\nSzomjasan v\u00e1r a v\u00e1szon, lelked f\u00e9nyk\u00e9peit t\u00f6bb\u00e9 nem viselhetik.<br \/>\nBesz\u00e1radva s r\u00e1ncosan a fest\u00e9kek haldoklanak,<br \/>\nn\u00e9lk\u00fcled \u0151k m\u00e1r csak sz\u00ednek.<\/p>\n<p style=\"padding-left: 80px;\">Az asztalon p\u00e1r versfoszl\u00e1ny, t\u00e1rsukat magaddal vitted.<br \/>\nA tollak s ceruz\u00e1k sz\u00e9tgurulva t\u00f6bb\u00e9 m\u00e1r nem dalolnak.<br \/>\nFestm\u00e9nyek a falakon, v\u00e9gig veled voltak,<br \/>\nS mint gyermekek az apjukat, f\u00e9ltve \u0151riztek.<\/p>\n<p style=\"padding-left: 80px;\">Nincs t\u00f6bb vers, nincs t\u00f6bb festm\u00e9ny.<br \/>\nElment\u00e9l oly hossz\u00fa \u00fatra.<br \/>\nIsten mellett nyugalmat lelt\u00e9l,<br \/>\nMi itt a f\u00f6ld\u00f6n nem felejt\u00fcnk!<\/p>\n<div class='watch-action'><div class='watch-position align-left'><div class='action-like'><a class='lbg-style1 like-10071 jlk' href='javascript:void(0)' data-task='like' data-post_id='10071' data-nonce='a4559c5496' rel='nofollow'><img class='wti-pixel' src='https:\/\/fedelnelkul.hu\/wp-content\/plugins\/wti-like-post\/images\/pixel.gif' title='Like' \/><span class='lc-10071 lc'>+1<\/span><\/a><\/div><\/div> <div class='status-10071 status align-left'><\/div><\/div><div class='wti-clear'><\/div>","protected":false},"excerpt":{"rendered":"<p>\u00c1rv\u00e1n maradtak az ecsetek, meleg kezeid\u00e9rt nagyot s\u00f3hajtanak. Szomjasan v\u00e1r a v\u00e1szon, lelked f\u00e9nyk\u00e9peit t\u00f6bb\u00e9 nem viselhetik. Besz\u00e1radva s r\u00e1ncosan a fest\u00e9kek haldoklanak, n\u00e9lk\u00fcled \u0151k m\u00e1r csak sz\u00ednek. Az asztalon p\u00e1r versfoszl\u00e1ny, t\u00e1rsukat magaddal vitted. A tollak s ceruz\u00e1k sz\u00e9tgurulva t\u00f6bb\u00e9 m\u00e1r nem dalolnak. Festm\u00e9nyek a falakon, v\u00e9gig veled voltak, S mint gyermekek az apjukat, &hellip; <a href=\"https:\/\/fedelnelkul.hu\/en\/2021\/02\/25\/automatikus-vazlat\/\" class=\"more-link\">Continue reading <span class=\"screen-reader-text\">Barta P\u00e1l eml\u00e9k\u00e9re<\/span><\/a><\/p>\n","protected":false},"author":380,"featured_media":0,"comment_status":"closed","ping_status":"open","sticky":false,"template":"","format":"standard","meta":{"footnotes":""},"categories":[482,10],"tags":[],"class_list":["post-10071","post","type-post","status-publish","format-standard","hentry","category-482","category-vers"],"_links":{"self":[{"href":"https:\/\/fedelnelkul.hu\/en\/wp-json\/wp\/v2\/posts\/10071","targetHints":{"allow":["GET"]}}],"collection":[{"href":"https:\/\/fedelnelkul.hu\/en\/wp-json\/wp\/v2\/posts"}],"about":[{"href":"https:\/\/fedelnelkul.hu\/en\/wp-json\/wp\/v2\/types\/post"}],"author":[{"embeddable":true,"href":"https:\/\/fedelnelkul.hu\/en\/wp-json\/wp\/v2\/users\/380"}],"replies":[{"embeddable":true,"href":"https:\/\/fedelnelkul.hu\/en\/wp-json\/wp\/v2\/comments?post=10071"}],"version-history":[{"count":2,"href":"https:\/\/fedelnelkul.hu\/en\/wp-json\/wp\/v2\/posts\/10071\/revisions"}],"predecessor-version":[{"id":10073,"href":"https:\/\/fedelnelkul.hu\/en\/wp-json\/wp\/v2\/posts\/10071\/revisions\/10073"}],"wp:attachment":[{"href":"https:\/\/fedelnelkul.hu\/en\/wp-json\/wp\/v2\/media?parent=10071"}],"wp:term":[{"taxonomy":"category","embeddable":true,"href":"https:\/\/fedelnelkul.hu\/en\/wp-json\/wp\/v2\/categories?post=10071"},{"taxonomy":"post_tag","embeddable":true,"href":"https:\/\/fedelnelkul.hu\/en\/wp-json\/wp\/v2\/tags?post=10071"}],"curies":[{"name":"wp","href":"https:\/\/api.w.org\/{rel}","templated":true}]}}