{"id":1006,"date":"2018-02-10T20:33:33","date_gmt":"2018-02-10T20:33:33","guid":{"rendered":"http:\/\/fedelnelkul.hu\/2018\/02\/10\/forgoszinpad\/"},"modified":"2018-02-10T20:33:33","modified_gmt":"2018-02-10T20:33:33","slug":"forgoszinpad","status":"publish","type":"post","link":"https:\/\/fedelnelkul.hu\/en\/2018\/02\/10\/forgoszinpad\/","title":{"rendered":"Forg\u00f3sz\u00ednpad"},"content":{"rendered":"<p>\nHarangoznak! Hallod? F\u00f6l\u00e9d hajol az id\u0151, \u00e9s te g\u0151gics\u00e9lsz, \u00e9s k\u00f6zben \u00edzlelgeted az \u00e9letet. Egy napon megkeresztelnek &#8211; m\u00e1r neved is van. Mindig \u00e9hes vagy, ha nem alszol \u00e9s er\u0151szakos. A vonat, amire felsz\u00e1llt\u00e1l, egyre gyorsul. Botladozva, de m\u00e1r j\u00e1rni tanulsz. A j\u00e1t\u00e9kaid nagy r\u00e9sz\u00e9t \u00f6sszet\u00f6rted, pedig nem j\u00e1t\u00e9k az \u00e9let. \u00dajra harangoznak \u00e9s te m\u00e1r \u00f3vod\u00e1s vagy.<br \/>\nNehezen illeszkedsz bele a t\u00e1rsadalomba. Elkezd\u0151dik a harc a labd\u00e1\u00e9rt, a nagyobb szelet keny\u00e9r\u00e9rt. Becs\u00f6ngetnek az els\u0151 \u00f3r\u00e1ra, ez m\u00e1r nem az \u00f3voda. itt m\u00e1r sz\u00e1mon k\u00e9rnek. D\u00e9lut\u00e1n m\u00e1r a m\u00e1snapra k\u00e9sz\u00fclsz. Komolly\u00e1 v\u00e1lik a j\u00e1t\u00e9k. Vak\u00e1ci\u00f3-szabads\u00e1g, de milyen r\u00f6vid.<br \/>\n\u00dajra megkondul a harang, \u00e9s te m\u00e1r \u00fajra a padban \u00fclsz, egy m\u00e1sik oszt\u00e1lyban. \u00d3ra alatt elm\u00e9l\u00e1zol, de sz\u00e9p szemei vannak a hossz\u00fa haj\u00fa, kis, barna l\u00e1nynak. Eltelt \u00fajra egy \u00e9v \u00e9s a szilveszteri harangok sz\u00f3lnak. Szor\u00edt a tavalyi cip\u0151, kev\u00e9s a zsebp\u00e9nz. pedig meg kellene n\u00e9zni m\u00e9g egyszer az &#8222;Egy ny\u00e1ron \u00e1t t\u00e1ncolt&#8221; c\u00edm\u0171 sv\u00e9d filmet. Megborzongsz, amikor a f\u00fcrd\u00e9si jelenetre gondolsz, csak ne lenne olyan szomor\u00fa a v\u00e9ge. meghal al\u00e1ny, \u00e9s te t\u00e1molyogva l\u00e9psz ki a mozib\u00f3l. H\u00e1t ilyen az \u00e9let? Megr\u00e1zod magad, hisz m\u00e1r nyolcadikos vagy, \u00e9s nagynak \u00e9rzed magad.<br \/>\n\u0150sszel r\u00e1j\u00f6ssz, hogy \u00fajra kicsi lett\u00e9l a k\u00f6z\u00e9piskol\u00e1ban. Kezdheted el\u00f6lr\u0151l, senki nem figyel r\u00e1d. Egyre gyorsul az id\u0151, de az a l\u00e1ny t\u00e9nyleg nagyon tetszik. Harangoznak, \u00fajra vak\u00e1ci\u00f3, de hova rohan az id\u0151? Ennyi volt n\u00e9gy \u00e9v? K\u00f6nnyes a szemed, ballag\u00f3 v\u00e9n di\u00e1k, tov\u00e1bb, tov\u00e1bb.<br \/>\nHarangoznak, \u00e9s te \u00fajra t\u00f6rpe lett\u00e9l, eg kiskatona. Ez m\u00e1r t\u00e9nyleg nem j\u00e1t\u00e9k. Baleset a l\u0151t\u00e9ren. Megrend\u00fclsz. Hadgyakorlat \u00e9s t\u00e1voll\u00e9t. Kiv\u00e1l\u00f3t l\u0151sz \u00e9s kapsz \u00f6t nap elt\u00e1voz\u00e1st, ennek is v\u00e9ge. Sz\u00e1molod a napokat, v\u00e9gre letelik, \u00e9s szokatlan a civil ruha.<br \/>\nKezdheted el\u00f6lr\u0151l. Harangoznak, \u00e9s te v\u00e1rod az els\u0151 fizet\u00e9st. Neh\u00e9z beosztani. Emberek t\u0171nnek el, \u00e9s \u00fajak j\u00f6nnek\u00a0 &#8211; forog a sz\u00ednpad. \u00c9vek t\u0171nnek el a s\u00fcllyeszt\u0151ben. R\u00e1j\u00f6ssz, hogy \u00f6r\u00f6m minden nap, \u00e9s elkezdesz visszafel\u00e9 n\u00e9zni. S\u00e1rgulnak a r\u00e9gi fot\u00f3k \u00e9s szerelmes levelek. Az id\u0151 egyre gyorsabban hajtogatja a forgat\u00f3k\u00f6nyv lapjait.<br \/>\nBe\u00fclsz egy r\u00e9gi vend\u00e9gl\u0151be \u00e9s keresd a r\u00e9gi \u00edzeket \u00e9s hallgatod a zongorist\u00e1t: &#8222;ak\u00e1cos \u00fat, ha v\u00e9gigmegyek rajtad \u00e9n&#8230;&#8221;<br \/>\nKar\u00e1csony van, harangoznak, \u00e1llsz a t\u00fck\u00f6r el\u0151tt \u00e9s k\u00f6nnyes lesz a szemed.<\/p>\n<div class='watch-action'><div class='watch-position align-left'><div class='action-like'><a class='lbg-style1 like-1006 jlk' href='javascript:void(0)' data-task='like' data-post_id='1006' data-nonce='0fc93b1003' rel='nofollow'><img class='wti-pixel' src='https:\/\/fedelnelkul.hu\/wp-content\/plugins\/wti-like-post\/images\/pixel.gif' title='Like' \/><span class='lc-1006 lc'>0<\/span><\/a><\/div><\/div> <div class='status-1006 status align-left'><\/div><\/div><div class='wti-clear'><\/div>","protected":false},"excerpt":{"rendered":"<p>Harangoznak! Hallod? F\u00f6l\u00e9d hajol az id\u0151, \u00e9s te g\u0151gics\u00e9lsz, \u00e9s k\u00f6zben \u00edzlelgeted az \u00e9letet. Egy napon megkeresztelnek &#8211; m\u00e1r neved is van. Mindig \u00e9hes vagy, ha nem alszol \u00e9s er\u0151szakos. A vonat, amire felsz\u00e1llt\u00e1l, egyre gyorsul. Botladozva, de m\u00e1r j\u00e1rni tanulsz. A j\u00e1t\u00e9kaid nagy r\u00e9sz\u00e9t \u00f6sszet\u00f6rted, pedig nem j\u00e1t\u00e9k az \u00e9let. \u00dajra harangoznak \u00e9s te &hellip; <a href=\"https:\/\/fedelnelkul.hu\/en\/2018\/02\/10\/forgoszinpad\/\" class=\"more-link\">Continue reading <span class=\"screen-reader-text\">Forg\u00f3sz\u00ednpad<\/span><\/a><\/p>\n","protected":false},"author":344,"featured_media":0,"comment_status":"closed","ping_status":"open","sticky":false,"template":"","format":"standard","meta":{"footnotes":""},"categories":[72,9],"tags":[],"class_list":["post-1006","post","type-post","status-publish","format-standard","hentry","category-72","category-szepproza"],"_links":{"self":[{"href":"https:\/\/fedelnelkul.hu\/en\/wp-json\/wp\/v2\/posts\/1006","targetHints":{"allow":["GET"]}}],"collection":[{"href":"https:\/\/fedelnelkul.hu\/en\/wp-json\/wp\/v2\/posts"}],"about":[{"href":"https:\/\/fedelnelkul.hu\/en\/wp-json\/wp\/v2\/types\/post"}],"author":[{"embeddable":true,"href":"https:\/\/fedelnelkul.hu\/en\/wp-json\/wp\/v2\/users\/344"}],"replies":[{"embeddable":true,"href":"https:\/\/fedelnelkul.hu\/en\/wp-json\/wp\/v2\/comments?post=1006"}],"version-history":[{"count":0,"href":"https:\/\/fedelnelkul.hu\/en\/wp-json\/wp\/v2\/posts\/1006\/revisions"}],"wp:attachment":[{"href":"https:\/\/fedelnelkul.hu\/en\/wp-json\/wp\/v2\/media?parent=1006"}],"wp:term":[{"taxonomy":"category","embeddable":true,"href":"https:\/\/fedelnelkul.hu\/en\/wp-json\/wp\/v2\/categories?post=1006"},{"taxonomy":"post_tag","embeddable":true,"href":"https:\/\/fedelnelkul.hu\/en\/wp-json\/wp\/v2\/tags?post=1006"}],"curies":[{"name":"wp","href":"https:\/\/api.w.org\/{rel}","templated":true}]}}