{"id":10050,"date":"2021-02-11T13:36:00","date_gmt":"2021-02-11T12:36:00","guid":{"rendered":"https:\/\/fedelnelkul.hu\/?p=10050"},"modified":"2021-02-23T19:05:48","modified_gmt":"2021-02-23T18:05:48","slug":"tuza-ritter-bernadett","status":"publish","type":"post","link":"https:\/\/fedelnelkul.hu\/en\/2021\/02\/11\/tuza-ritter-bernadett\/","title":{"rendered":"Tuza-Ritter Bernadett"},"content":{"rendered":"<p>Az Egy n\u0151 fogs\u00e1gban az \u00faj \u00e9vezred legsikeresebb magyar dokumentumfilmje, m\u00e1r t\u00e9mav\u00e1lszt\u00e1sa nagy figyelmet keltett. A 2017-ben magyar-n\u00e9met koprodukci\u00f3ban k\u00e9sz\u00fclt filmet itthon a 2018 \u00e9vi Magyar Filmh\u00e9ten mutatt\u00e1k be, vil\u00e1gpremierj\u00e9re pedig az Amszterdami Nemzetk\u00f6zi Dokumentumfilm-fesztiv\u00e1lon (IDFA) ker\u00fclt sor, s\u0151t a Sundance Filmfesztiv\u00e1lra is megh\u00edv\u00e1st kapott.<br \/>\nA film f\u0151szerepl\u0151je Maris, egy rabszolgak\u00e9nt tartott, 52 \u00e9ves magyar n\u0151, aki a f\u0151v\u00e1ros k\u00f6rny\u00e9k\u00e9n \u00e9l egy csal\u00e1dn\u00e1l, ahol fizet\u00e9s n\u00e9lk\u00fcl dolgoztatj\u00e1k, rendszeresen megal\u00e1zz\u00e1k, verik. A film rendez\u0151j\u00e9vel, Tuza-Ritter Bernadettel besz\u00e9lgett\u00fcnk, aki m\u00e1sf\u00e9l \u00e9vig k\u00f6vette nyomon Maris \u00e9let\u00e9t, forgatott, besz\u00e9lgetett, seg\u00edtett, mindehhez a \u201emunk\u00e1ltat\u00f3t\u00f3l\u201d, Et\u00e1t\u00f3l is enged\u00e9lyt kapva (szer\u00e9ny \u201eforgat\u00e1si hozz\u00e1j\u00e1rul\u00e1s\u00e9rt\u201d cser\u00e9be).<br \/>\nA hajl\u00e9ktalan emberek k\u00f6z\u00fcl nagyon sokan szenvedtek el hasonl\u00f3 tapasztalatokat, lapunk is vett m\u00e1r r\u00e9szt kalandos szabadul\u00e1ssal v\u00e9get \u00e9r\u0151 sz\u00f6k\u00e9s szervez\u00e9s\u00e9ben, de hajl\u00e9ktalanell\u00e1t\u00f3 szervezetk\u00e9nt ezt feladatunknak is tekintj\u00fck. Azonban egy \u201ecivil\u201d ember hogyan is ker\u00fcl ebbe a helyzetbe? Els\u0151sorban erre voltunk k\u00edv\u00e1ncsiak, a sztorira.<!--more--><\/p>\n<h2>\u201eEgy n\u0151 fogs\u00e1gban\u201d<\/h2>\n<h2>Tuza-Ritter Bernadett<\/h2>\n<p><strong>Fed\u00e9l N\u00e9lk\u00fcl 2021. janu\u00e1r 28. 691. sz\u00e1m<\/strong><\/p>\n<p><span style=\"color: #ff0000;\">Mi is hallunk ilyen t\u00f6rt\u00e9neteket, hajl\u00e9ktalan emberek sz\u00e1zai j\u00e1rnak ide be naponta, a Fed\u00e9l N\u00e9lk\u00fcl szerkeszt\u0151s\u00e9g\u00e9nek otthont ad\u00f3 nappali centrumba, a terjeszt\u0151ink is hajl\u00e9ktalanok, innen is \u00e9s m\u00e1s forr\u00e1sb\u00f3l is eljutnak hozz\u00e1nk besz\u00e1mol\u00f3ik. Pont ez\u00e9rt lepett meg, hogy az Egy n\u0151 fogs\u00e1gban Budapesten j\u00e1tsz\u00f3dik, valamelyik k\u00fclv\u00e1rosban.<\/span><br \/>\n\u00c9n konkr\u00e9tan a Kir\u00e1ly utc\u00e1ban is tudok ilyen esetr\u0151l.<\/p>\n<p><span style=\"color: #ff0000;\">A Kir\u00e1ly utc\u00e1ban?<\/span><br \/>\nIgen. Ez egy m\u00e1sik helyzet. Minden nap kirakj\u00e1k szerencs\u00e9tlent, hogy kolduljon, hogy kint az utc\u00e1n ott \u00fclj\u00f6n t\u00e9len is a m\u00ednuszokban, \u00e9s amikor szoci\u00e1lis munk\u00e1sok megpr\u00f3b\u00e1ltak odamenni, hogy seg\u00edtsenek, akkor nem mert seg\u00edts\u00e9get k\u00e9rni, mert f\u00e9lt, hogy figyelik \u00e9s hogy ennek k\u00f6vetkezm\u00e9nye lesz. Az utc\u00e1n l\u00e1ttuk, hogy nem \u00f6nsz\u00e1nt\u00e1b\u00f3l \u00fcl ott, term\u00e9szetesen mi is pr\u00f3b\u00e1ltunk volna seg\u00edteni, de az\u00e9rt ezek az emberek meg vannak f\u00e9leml\u00edtve rendesen. T\u00f6bb m\u0171faja van a rabszolg\u00e1ztat\u00e1snak. Amit \u00e9n a filmben bemutattam, az a h\u00e1z k\u00f6r\u00fcli rabszolgas\u00e1g, de tulajdonk\u00e9ppen ide tartozik a prostit\u00faci\u00f3, a koldultat\u00e1s \u00e9s mindenfajta k\u00e9nyszermunka.<\/p>\n<p><span style=\"color: #ff0000;\">Ez\u00e9rt is \u00e9rdekes, hogy hogyan ismerkedett meg Et\u00e1val, a rabszolgatart\u00f3val?<\/span><br \/>\nTulajdonk\u00e9ppen egyszerre ismertem meg Et\u00e1t \u00e9s Marist, mert egy h\u00e1ztart\u00e1sban \u00e9ltek. \u00c9n csak egy v\u00e9letlen folyt\u00e1n ker\u00fcltem oda egy ismer\u0151s\u00f6m\u00f6n kereszt\u00fcl. Csak l\u00e1togat\u00f3ba\u2026<\/p>\n<p><span style=\"color: #ff0000;\">Hogyan t\u00f6rt\u00e9nt?<\/span><br \/>\nEnnek a r\u00e9szleteir\u0151l, hogy pontosan honnan ismerem, nem besz\u00e9lek.<\/p>\n<p><span style=\"color: #ff0000;\">Mi\u00e9rt nem?<\/span><br \/>\nMert nem szeretn\u00e9m beazonos\u00edtani \u0151ket. Ezt nem tehetem meg, ez a meg\u00e1llapod\u00e1s r\u00e9sze. A l\u00e9nyeg az, hogy \u00e9n csak l\u00e1togat\u00f3ban voltam ott \u00e9s l\u00e1ttam ezt az al\u00e1-f\u00f6l\u00e9rendelts\u00e9gi viszonyt. T\u00f6bbet nem tudtam a helyzetr\u0151l, csak, hogy a Maris ott szolg\u00e1l tulajdonk\u00e9ppen, de nem tudtam, hogy nincs megfizetve, se azt, hogy mennyire korl\u00e1tozz\u00e1k a szabads\u00e1g\u00e1t. De nagyon izgalmas volt az arca. Azt hallottam, hogy 50 k\u00f6r\u00fcl van, de \u00fagy n\u00e9zett ki, mintha 70 lenne. \u00dagyhogy tulajdonk\u00e9ppen emiatt mentem vissza n\u00e9h\u00e1ny \u00e9vvel k\u00e9s\u0151bb, hogy p\u00e1r napot forgathatn\u00e9k-e vele. \u00c9n akkor m\u00e1r a felv\u00e9teli filmemet akartam csin\u00e1lni a rendez\u0151szakra, az volt a feladatunk, hogy egy ember egy napj\u00e1t \u00f6t percben mutassuk be. \u00dagy gondoltam, hogy a Marisnak \u00e9rdekes lehet egy napja, mert \u00e9rdekes az arca \u00e9s azt akartam, hogy az arca l\u00e1tsz\u00f3djon v\u00e9gig a filmben, \u00edgy esett r\u00e1 a v\u00e1laszt\u00e1sunk.<\/p>\n<p><span style=\"color: #ff0000;\">\u00c9s ehhez az Eta hozz\u00e1j\u00e1rul\u00e1sa kellett. Ha j\u00f3l eml\u00e9kszem 350 ezer forintra megv\u00e1gta az Eta az\u00e9rt, hogy ott forgathasson?<\/span><br \/>\nIgen! De egy\u00e9bk\u00e9nt ez bizonyos \u00e9rtelemben sz\u00e1momra elfogadhat\u00f3 volt \u00e9s az\u00e9rt, mert \u0151 beengedett a h\u00e1z\u00e1ba tulajdonk\u00e9ppen m\u00e1sf\u00e9l \u00e9ven kereszt\u00fcl. Ugye ez neki nem lett volna feladata.<\/p>\n<p><span style=\"color: #ff0000;\">Forgat\u00e1si helysz\u00edn volt.<\/span><br \/>\nIgen, m\u00e1sok egy\u00e9bk\u00e9nt vagyonokat fizetnek ki, hogy forgathassanak bizonyos helysz\u00edneken. Nekem nem ezzel volt a gondom. Nekem az egyetlen es\u00e9lyem ez volt, a Marissal tal\u00e1lkozni, ha b\u00e1rmikor beenged a h\u00e1zba. Sz\u00f3val \u00e9n megk\u00e9rdeztem a Marist, hogy \u0151 err\u0151l mit gondol, ami, ugye el\u00e9g h\u00fclye helyzet volt, hogy \u00e9n az Et\u00e1nak fizetek, de a Maris az, aki bajban van. V\u00e9g\u00fcl a k\u00f6z\u00f6s c\u00e9l \u00e9rdek\u00e9ben \u00fagy d\u00f6nt\u00f6tt\u00fcnk, hogy elfogadhat\u00f3, ha ez t\u00f6rt\u00e9nik.<\/p>\n<p><span style=\"color: #ff0000;\">\u00c9s akkor m\u00e1r tiszt\u00e1ban volt a Maris helyzet\u00e9vel vagy azt hitte, hogy \u0151 ott egy norm\u00e1lis alkalmazott?<\/span><br \/>\nAzt hittem, egy norm\u00e1lis alkalmazott. A forgat\u00e1s alatt der\u00fclt ki titokban, akkor kezdte el nekem mondani, hogy \u0151 val\u00f3j\u00e1ban ez\u00e9rt nem kap p\u00e9nzt, s\u0151t \u0151t elk\u00fcldik egy gy\u00e1rba dolgozni, de le kell adnia a fizet\u00e9s\u00e9t, hogy \u0151 nem tal\u00e1lkozhat b\u00e1rmikor a l\u00e1ny\u00e1val\u2026 Fokozatosan der\u00fcltek ki az inf\u00f3k \u00e9s tulajdonk\u00e9ppen emiatt d\u00f6nt\u00f6ttem a forgat\u00e1s folytat\u00e1sa mellett.<\/p>\n<p><span style=\"color: #ff0000;\">Mintha Marison k\u00edv\u00fcl felt\u0171nn\u00e9nek m\u00e1sok is. Maris nem egyed\u00fcl volt ott bent? Id\u0151nk\u00e9nt olyan f\u00e9rfiak is megjelennek a filmben, akiknek nem adhat enni, mert azt csak az Eta teheti. \u0150k is hasonl\u00f3 sorban voltak ott? H\u00e1nyan \u00f6sszesen?<\/span><br \/>\nA Marison k\u00edv\u00fcl volt k\u00e9t f\u00e9rfi. Egy fiatalabb \u00e9s egy id\u0151sebb. Az egyik\u00fck szint\u00e9n dolgozott ott, ahol a Maris \u00e9s szint\u00e9n le kellett adnia a fizet\u00e9s\u00e9t. \u00dagy tudom, \u0151k m\u00e1r nincsenek ott. Ugye \u00e9n m\u00e1r nem tartom vel\u00fck a kapcsolatot, de \u00fagy tudom, hogy ennek m\u00e1r v\u00e9ge.<\/p>\n<p><span style=\"color: #ff0000;\">Egy\u00e1ltal\u00e1n, hogy ker\u00fclt oda Maris?<\/span><br \/>\nMaris hat gyereket nevel \u00e9lett\u00e1rs\u00e1val, egy fizet\u00e9s nem el\u00e9g, neki is el kellett mennie dolgozni. Egy m\u00e1sik csal\u00e1dhoz \u00e1llt be, ahol nagyon s\u00falyosan b\u00e1ntalmazt\u00e1k \u00e9s azt\u00e1n egy id\u0151 ut\u00e1n nem engedt\u00e9k haza, megfenyegett\u00e9k az \u00e9lett\u00e1rs\u00e1t, hogy ha sz\u00f3lni mer a rend\u0151rs\u00e9gnek, akkor a gyerekeinek esik b\u00e1nt\u00f3d\u00e1sa. Tulajdonk\u00e9ppen csicskak\u00e9nt kezdt\u00e9k el dolgoztatni, megfosztott\u00e1k a szabads\u00e1g\u00e1t\u00f3l. K\u00e9t \u00e9vet t\u00f6lt\u00f6tt ott, k\u00f6zben k\u00f3rh\u00e1zba ker\u00fclt, \u00e9s a k\u00f3rh\u00e1zban, mint beteg, tal\u00e1lkozott az Et\u00e1val, aki szint\u00e9n, mint beteg volt ott. \u00c9s az Eta felaj\u00e1nlotta a seg\u00edts\u00e9g\u00e9t, \u201eha bajban vagy, akkor keress meg, gyere hozz\u00e1m\u201d. \u00c9s a Maris valahogy megoldotta, hogy megsz\u00f6kj\u00f6n, nem ment vissza \u00e9s h\u00edvta az Et\u00e1t, mert addigra a gyerekek apja elt\u0171nt, a gyerekek int\u00e9zetbe ker\u00fcltek, mert kiskor\u00faak voltak. \u00cdgy ker\u00fclt Et\u00e1hoz, aki az elej\u00e9n seg\u00edtett, ugye befogadta, adott neki sz\u00e1ll\u00e1st, beindult a beetet\u00e9s.<\/p>\n<p><span style=\"color: #ff0000;\">K\u00f6zel t\u00edz \u00e9vig tartott, am\u00edg Et\u00e1n\u00e1l volt szeg\u00e9ny. A filmen nagyon apr\u00f3l\u00e9kosan siker\u00fclt bemutatni, hogy zajlanak a napjai, hogy nem el\u00e9g ugyeb\u00e1r, hogy el kellett l\u00e1tnia az Et\u00e1t, a be\u00e1gyaz\u00e1st\u00f3l a k\u00e1v\u00e9f\u0151z\u00e9sig, m\u00e9g dolgozik is \u00e9s a fizet\u00e9s\u00e9t is leadja mindig. M\u00e9g az\u00e9rt is \u0151 a hib\u00e1s, amikor a gyerekek \u00f6sszet\u00f6rnek egy k\u00e1v\u00e9scs\u00e9sz\u00e9t.<\/span><br \/>\nIgen, igen, igen. Tulajdonk\u00e9ppen minden\u00e9rt \u0151 volt a hib\u00e1s. Az\u00e9rt tartottam fontosnak belerakni ezt a jelenetet, hogy l\u00e1ssuk, a gyerekek m\u00e9g \u00e1rtatlanok, de gyorsan eltanulj\u00e1k ezt a fajta viselked\u00e9st, ha ezt a mint\u00e1t l\u00e1tj\u00e1k.<\/p>\n<p><span style=\"color: #ff0000;\">Kezdetben nyilv\u00e1n nem tudta, hogy cs\u00f6b\u00f6rb\u0151l v\u00f6d\u00f6rbe fog ker\u00fclni, hisz akkor meggondolja t\u00edzszer is. Jogosan vet\u0151dik fel mindannyiunkban &#8211; b\u00e1r \u00e9n a filmb\u0151l magyar\u00e1zatot kaptam \u2013 mi\u00e9rt nem ment el? Mi\u00e9rt nem hagyta ott? A filmb\u0151l kider\u00fclt egy\u00e9rtelm\u0171en, hogy az ajt\u00f3 nyitva volt.<\/span><br \/>\nIgen, ez egy olyan k\u00e9rd\u00e9s szerintem, amibe neh\u00e9z belegondolni, ha az ember nincs ilyen helyzetben. Amikor nincs az embernek hova menni, akkor csak az utc\u00e1ra tud menni \u00e9s \u0151 nagyon f\u00e9lt att\u00f3l, nehogy az utc\u00e1ra ker\u00fclj\u00f6n. A gyerekeihez nem tudott fordulni, kiskor\u00faak voltak, vagy sz\u00e9tsz\u00e9ledtek az orsz\u00e1g k\u00fcl\u00f6nb\u00f6z\u0151 r\u00e9szein. Sz\u00e9gyellte is azt a helyzetet, amibe ker\u00fclt, egyszer\u0171en nem tudta, hogy val\u00f3j\u00e1ban kihez forduljon seg\u00edts\u00e9g\u00e9rt. Az utca nem lett volna megold\u00e1s akkor sem, ha neki elfogadhat\u00f3 lett is volna, mert a sz\u00f6k\u00e9s ut\u00e1n k\u00e9t h\u00f3napig kerest\u00e9k m\u00e9g, az utc\u00e1n megtal\u00e1lt\u00e1k volna. V\u00e9dett helyre volt sz\u00fcks\u00e9ge. Olyan helyre, ahol biztons\u00e1gban \u00e9rzi mag\u00e1t. Plusz, ha \u0151 elmegy, a munkahely\u00e9t is ott kell hagynia, mert tudj\u00e1k, hogy hol dolgozik, oda is elmenn\u00e9nek \u00e9rte. Teh\u00e1t se p\u00e9nze, se semmije nem lett volna. Sokszor az iratai sem voltak n\u00e1la, mert azt is elvett\u00e9k t\u0151le.<\/p>\n<p><span style=\"color: #ff0000;\">Ahogy fokozatosan kialakult \u00d6n\u00f6k k\u00f6z\u00f6tt a bizalmi kapcsolat, sz\u00f3 esik a hat\u00f3s\u00e1gokr\u00f3l is \u00e9s el\u00e9g \u00e9rdekes a hozz\u00e1\u00e1ll\u00e1suk. A rend\u0151rs\u00e9g mit is mondott?<\/span><br \/>\nAz van, hogy ha kimennek a h\u00e1zhoz, ahol ugye otthon van mindenki, akkor \u0151k nem tudnak mit csin\u00e1lni, ha Maris nem k\u00e9ri \u00f6nk\u00e9nt, hogy seg\u00edtsenek neki. \u00c9s \u0151 ugye abban a helyzetben nem meri azt mondani, hogy seg\u00edtsenek neki, teh\u00e1t bajt hozok r\u00e1 azzal, ha kih\u00edvom a rend\u0151rs\u00e9get. A rend\u0151rs\u00e9g nem tud sz\u00e1ll\u00e1st biztos\u00edtani. M\u00e1r k\u00e9s\u0151bb, a sz\u00f6k\u00e9s alatt tudtuk meg, hogy nagyon bonyolult dolog, hogy valakit biztons\u00e1gos k\u00f6rnyezetbe helyezzenek. Mindenesetre a rend\u0151rs\u00e9g azt mondta, hogy ha \u0151 maga nem tesz feljelent\u00e9st, akkor nem tudnak mit csin\u00e1lni. \u00dagyhogy ezt nem akartuk megkock\u00e1ztatni.<\/p>\n<p><span style=\"color: #ff0000;\">A v\u00e9ge m\u00e9gis happy end lett.<\/span><br \/>\nEz az \u00e9let \u00e9s ez t\u00f6rt\u00e9nt. \u00c9n igaz\u00e1b\u00f3l m\u00e1r a forgat\u00e1s alatt is arr\u00f3l \u00e1br\u00e1ndoztam, hogy b\u00e1r csak lenne egy sz\u00e9p kar\u00e1csonyi z\u00e1r\u00f3jelenet. Akkor m\u00e9g nem tudtam, hogy unoka is lesz addigra. De azt tudtam, hogy a c\u00e9l az, hogy a l\u00e1ny\u00e1val \u00fajra egy\u00fctt legyen. \u00c9s milyen sz\u00e9p lenne ezt lez\u00e1rni kar\u00e1csonykor.<\/p>\n<p><span style=\"color: #ff0000;\">\u00c9s szerencs\u00e9re siker\u00fclt is.<\/span><br \/>\nIgen.<\/p>\n<p><span style=\"color: #ff0000;\">Mi lehet a film \u00fczenete egy mondatban?<\/span><br \/>\nHogy van ki\u00fat. Hogy lehet. Hogy siker\u00fcl. Hogy \u00e9rdemes megpr\u00f3b\u00e1lni. Szerintem ez nagyon fontos.<\/p>\n<p>szerk: d\u00f6d\u00f6lle<\/p>\n<p>K\u00fcl\u00f6n k\u00f6sz\u00f6net Elekes \u00c1gnesnek.<\/p>\n<p>fot\u00f3: Sundance Film Fesztiv\u00e1l<\/p>\n<div class='watch-action'><div class='watch-position align-left'><div class='action-like'><a class='lbg-style1 like-10050 jlk' href='javascript:void(0)' data-task='like' data-post_id='10050' data-nonce='f48ebca404' rel='nofollow'><img class='wti-pixel' src='https:\/\/fedelnelkul.hu\/wp-content\/plugins\/wti-like-post\/images\/pixel.gif' title='Like' \/><span class='lc-10050 lc'>+2<\/span><\/a><\/div><\/div> <div class='status-10050 status align-left'><\/div><\/div><div class='wti-clear'><\/div>","protected":false},"excerpt":{"rendered":"<p>Az Egy n\u0151 fogs\u00e1gban az \u00faj \u00e9vezred legsikeresebb magyar dokumentumfilmje, m\u00e1r t\u00e9mav\u00e1lszt\u00e1sa nagy figyelmet keltett. A 2017-ben magyar-n\u00e9met koprodukci\u00f3ban k\u00e9sz\u00fclt filmet itthon a 2018 \u00e9vi Magyar Filmh\u00e9ten mutatt\u00e1k be, vil\u00e1gpremierj\u00e9re pedig az Amszterdami Nemzetk\u00f6zi Dokumentumfilm-fesztiv\u00e1lon (IDFA) ker\u00fclt sor, s\u0151t a Sundance Filmfesztiv\u00e1lra is megh\u00edv\u00e1st kapott. A film f\u0151szerepl\u0151je Maris, egy rabszolgak\u00e9nt tartott, 52 \u00e9ves magyar &hellip; <a href=\"https:\/\/fedelnelkul.hu\/en\/2021\/02\/11\/tuza-ritter-bernadett\/\" class=\"more-link\">Continue reading <span class=\"screen-reader-text\">Tuza-Ritter Bernadett<\/span><\/a><\/p>\n","protected":false},"author":6,"featured_media":10051,"comment_status":"closed","ping_status":"open","sticky":false,"template":"","format":"standard","meta":{"footnotes":""},"categories":[481,276],"tags":[],"class_list":["post-10050","post","type-post","status-publish","format-standard","has-post-thumbnail","hentry","category-481","category-sztarinterju"],"_links":{"self":[{"href":"https:\/\/fedelnelkul.hu\/en\/wp-json\/wp\/v2\/posts\/10050","targetHints":{"allow":["GET"]}}],"collection":[{"href":"https:\/\/fedelnelkul.hu\/en\/wp-json\/wp\/v2\/posts"}],"about":[{"href":"https:\/\/fedelnelkul.hu\/en\/wp-json\/wp\/v2\/types\/post"}],"author":[{"embeddable":true,"href":"https:\/\/fedelnelkul.hu\/en\/wp-json\/wp\/v2\/users\/6"}],"replies":[{"embeddable":true,"href":"https:\/\/fedelnelkul.hu\/en\/wp-json\/wp\/v2\/comments?post=10050"}],"version-history":[{"count":3,"href":"https:\/\/fedelnelkul.hu\/en\/wp-json\/wp\/v2\/posts\/10050\/revisions"}],"predecessor-version":[{"id":10188,"href":"https:\/\/fedelnelkul.hu\/en\/wp-json\/wp\/v2\/posts\/10050\/revisions\/10188"}],"wp:featuredmedia":[{"embeddable":true,"href":"https:\/\/fedelnelkul.hu\/en\/wp-json\/wp\/v2\/media\/10051"}],"wp:attachment":[{"href":"https:\/\/fedelnelkul.hu\/en\/wp-json\/wp\/v2\/media?parent=10050"}],"wp:term":[{"taxonomy":"category","embeddable":true,"href":"https:\/\/fedelnelkul.hu\/en\/wp-json\/wp\/v2\/categories?post=10050"},{"taxonomy":"post_tag","embeddable":true,"href":"https:\/\/fedelnelkul.hu\/en\/wp-json\/wp\/v2\/tags?post=10050"}],"curies":[{"name":"wp","href":"https:\/\/api.w.org\/{rel}","templated":true}]}}